{"id":4777,"date":"2022-03-27T00:53:00","date_gmt":"2022-03-26T23:53:00","guid":{"rendered":"https:\/\/www.vinoalma.de\/blog\/?p=4777"},"modified":"2022-12-12T07:33:43","modified_gmt":"2022-12-12T06:33:43","slug":"somontano-am-fuss-des-gebirges","status":"publish","type":"post","link":"https:\/\/www.vinoalma.de\/blog\/2022\/03\/27\/somontano-am-fuss-des-gebirges\/","title":{"rendered":"Somontano &#8211; am Fu\u00df des Gebirges"},"content":{"rendered":"\n<p>Als eine der trockensten Regionen Spaniens war die Autonome Gemeinschaft Aragon lange Zeit als Quelle f\u00fcr alkoholreiche Weine bekannt. Zumeist wurden sie in gro\u00dfen Mengen hergestellt und als offene Fassware verkauft. Seit den 1990ern hat sich das Bild ver\u00e4ndert und Aragon hat einen erstaunlichen Wandel vollzogen. Auf Bulkwein spezialisierte Gro\u00dfbetriebe gibt es zwar nach wie vor, doch ebenso treten immer mehr qualit\u00e4tsorientierte Familienweing\u00fcter und Genossenschaften mit absoluten Top-Weinen hervor.<\/p>\n\n\n\n<p>Insgesamt befinden sich vier DO-Gebiete in Aragon. Die drei DOs Campo de Borja, Calatayud und Cari\u00f1ena erstrecken sich s\u00fcdlich des Ebro. Jener Fluss durchzieht Aragon und m\u00fcndet in seinem Verlauf in Katalonien ins Mittelmeer. Die drei oben genannten Appellationen sind vor allem durch einen starken Anteil der autochthonen Rotweintraube <a href=\"https:\/\/www.vinoalma.de\/blog\/2019\/09\/05\/garnacha-rebsorten-spanien\/\">Garnacha<\/a> (Grenache) und einem hohen Bestand an alten Reben gekennzeichnet, die in einigen F\u00e4llen sogar \u00e4lter als 100 Jahre sind.&nbsp;<\/p>\n\n\n\n<h3 class=\"wp-block-heading\">Somontano &#8211; das andere Aragon<\/h3>\n\n\n\n<p>Die DO Somontano liegt als einzige DO-Region hingegen n\u00f6rdlich des Ebros an den Ausl\u00e4ufern der Pyren\u00e4en. Der Name Somontano bedeutet also nicht von ungef\u00e4hr \u201eam Fu\u00df des Gebirges\u201c. Allerdings verh\u00e4lt es sich so, dass ein vorgelagerter Bergzug das Weingebiet vor den eisigen Winden des Hochgebirges, die ins Landesinnere wehen, sch\u00fctzt. Somit fallen die Winter in Somontano nicht ganz so extrem kalt wie im Rest Aragons aus.&nbsp;<\/p>\n\n\n\n<p>Trotzdem existiert auch hier ein kontinentales Klima mit kalten Wintern und hei\u00dfen Sommer und mit gro\u00dfem Temperaturgef\u00e4lle zwischen Tag und Nacht. Rund 2.700 Sonnenstunden im Jahr und durchschnittlich 500 mm Regen ergeben gute Bedingungen f\u00fcr den Weinbau. Zudem liegen die Weinberge der DO Somontano auf 350 bis 650 Meter \u00fcber dem Meeresspiegel. Diese moderate, aber doch sp\u00fcrbare H\u00f6henlage sorgt etwa f\u00fcr Abk\u00fchlung in den Sommern\u00e4chten, und so k\u00f6nnen die Trauben ihre nat\u00fcrliche S\u00e4ure besser konservieren.<\/p>\n\n\n\n<h3 class=\"wp-block-heading\">Internationale Trauben mit langer Tradition<\/h3>\n\n\n\n<p>Ein zweiter wichtiger Unterschied der DO Somontano (im Vergleich zu anderen Gebieten in Aragon) besteht au\u00dferdem in der Zusammensetzung des Rebsortenspiegels. Die Gr\u00fcndung des franz\u00f6sischen Familienweinguts Lalanne in Somontano am Ende des 19. Jahrhunderts f\u00fchrte dazu, dass Somontano einen anderen Weg einschlug: Auf der Flucht vor der Reblaus im Bordeaux siedelte sich die franz\u00f6sische Familie im Gebiet an und brachte <a href=\"https:\/\/www.vinoalma.de\/blog\/2020\/03\/30\/chardonnay-internationale-rebsorten-spanien\/\">franz\u00f6sische Rebsorten<\/a> wie Chardonnay, <a href=\"https:\/\/www.vinoalma.de\/blog\/2019\/12\/12\/cabernet-sauvignon-spanien\/\">Cabernet Sauvignon<\/a> und Merlot aus der alten Heimat mit. So etablierten sich die f\u00fcr Aragon eigentlich untypischen Sorten sehr fr\u00fch im Gebiet. Bis heute wirkt dieses Erbe nach: Nicht etwa Garnacha und auch nicht Tempranillo sind die meist gepflanzten Trauben, sondern Cabernet Sauvignon und Merlot. <\/p>\n\n\n\n<p>Dar\u00fcber hinaus zeigen heutige Weing\u00fcter ein erneutes Interesse an lange Zeit vergessenen lokalen Sorten wie etwa die rote Moristel. Diese Traube ist zwar mit der <a href=\"https:\/\/www.vinoalma.de\/blog\/2019\/10\/03\/monastrell-jumilla-rebsorte\/\">Monastrell<\/a> aus S\u00fcdostspanien verwandt, entwickelte in Somontano aber einen eigenen Charakter und ergibt Weine mit einem feinen Beerenduft. Besonders tut sich hierbei das Weingut <strong>Bodegas F\u00e0bregas<\/strong> mit einem exzellenten sortenroten Rotwein aus Moristel hervor. Zudem arbeiten sie mit weiteren lokalen Trauben wie Parrel und Alca\u00f1\u00f3n.<\/p>\n\n\n<div class=\"wp-block-image\">\n<figure class=\"aligncenter size-full\"><img decoding=\"async\" loading=\"lazy\" width=\"700\" height=\"467\" src=\"https:\/\/www.vinoalma.de\/blog\/wp-content\/uploads\/2022\/03\/WineryBodegasFabregas.jpg\" alt=\"\" class=\"wp-image-4794\" srcset=\"https:\/\/www.vinoalma.de\/blog\/wp-content\/uploads\/2022\/03\/WineryBodegasFabregas.jpg 700w, https:\/\/www.vinoalma.de\/blog\/wp-content\/uploads\/2022\/03\/WineryBodegasFabregas-300x200.jpg 300w, https:\/\/www.vinoalma.de\/blog\/wp-content\/uploads\/2022\/03\/WineryBodegasFabregas-636x424.jpg 636w\" sizes=\"(max-width: 700px) 100vw, 700px\" \/><figcaption class=\"wp-element-caption\">Bodegas Fabregas in der D.O. Somontano ist ein innovativer Betrieb, der sich fast vergessenen lokalen Sorten wieder zuwendet (Foto: \u00a9 Bodegas Fabregas).<\/figcaption><\/figure><\/div>\n\n\n<h3 class=\"wp-block-heading\">Ein Gebiet mit modernem und weltoffenem Charakter<\/h3>\n\n\n\n<p>Ein drittes Unterscheidungsmerkmal von Somontano liegt ferner darin, dass in der \u00fcber 4.000 Hektar gro\u00dfen DO Somontano \u00fcber 80 Prozent der eingeschriebenen Rebfl\u00e4che auf Drahtrahmen gezogen ist. In den anderen aragonesischen DOs ist dagegen die Buschrebenerziehung h\u00e4ufig vertreten. <\/p>\n\n\n\n<p>So kann man sagen, dass die DO Somontano \u00fcber ein modernes und internationales Profil verf\u00fcgt, wohl mehr als alle anderen spanischen Qualit\u00e4tsweingebiete, und zugleich \u00fcber einen Schatz an heimischen Reben und Traditionen verf\u00fcgt (wie das Beispiel Bodegas Fabreg\u00e0s zeigt). Internationalit\u00e4t und Lokalit\u00e4t schlie\u00dfen sich nicht aus. Aufgrund dieses weltoffenen Charakters tr\u00e4gt Somontano eine weitere Facette zum Weinland Spanien bei. Zu den renommiertesten Erzeugern in Somontano z\u00e4hlt \u00fcbrigens das Weingut Enate, zu dem wir im Vino&amp;Alma-Shop zwei Empfehlungen parat haben.<\/p>\n\n\n<div class=\"row ppgbo_row ppgbo_product_1\">\n    \n    <div class=\"product col-12\">\n        <a class=\"product_link\" target=\"_blank\" href=\"https:\/\/www.vinoalma.de\/index.php?controller=product&#038;id_product=94?controller=product&#038;id_product=94\">Enate Cabernet Sauvignon Merlot (2022)<\/a><img class=\"product_image\" src=\"https:\/\/vinoalma.de\/914-medium_default\/1.jpg\"  alt=\"Enate Cabernet Sauvignon Merlot (2022)\" width=\"250\" height=\"250\" \/><h4 class=\"product_name\">Enate Cabernet Sauvignon Merlot (2022)<\/h4><div class=\"product_description_short\">\n\nEiner der bekanntesten Rotweine Spaniens f\u00fcr Sie bei Vino&amp;Alma. Probieren Sie [...]<\/div><span class=\"product_price\">10.90\u20ac<\/span>    <\/div>\n    \n    <\/div>\n<div class=\"clear\"><\/div>\n\n\n<div class=\"row ppgbo_row ppgbo_product_1\">\n    \n    <div class=\"product col-12\">\n        <a class=\"product_link\" target=\"_blank\" href=\"https:\/\/www.vinoalma.de\/index.php?controller=product&#038;id_product=95?controller=product&#038;id_product=95\">Enate Rosado (2025)<\/a><img class=\"product_image\" src=\"https:\/\/vinoalma.de\/915-medium_default\/1.jpg\"  alt=\"Enate Rosado (2025)\" width=\"250\" height=\"250\" \/><h4 class=\"product_name\">Enate Rosado (2025)<\/h4><div class=\"product_description_short\">\n\nDer wohl meistverkaufte und beliebteste Ros\u00e9wein aus Spanien - probieren Sie [...]<\/div><span class=\"product_price\">12.90\u20ac<\/span>    <\/div>\n    \n    <\/div>\n<div class=\"clear\"><\/div>\n","protected":false},"excerpt":{"rendered":"<p>Als eine der trockensten Regionen Spaniens war die Autonome Gemeinschaft Aragon lange Zeit als Quelle f\u00fcr alkoholreiche Weine bekannt. Zumeist wurden sie in gro\u00dfen Mengen hergestellt und als offene Fassware verkauft. Seit den 1990ern hat sich das Bild ver\u00e4ndert und Aragon hat einen erstaunlichen Wandel vollzogen. Auf Bulkwein spezialisierte Gro\u00dfbetriebe gibt es zwar nach wie &hellip; <a href=\"https:\/\/www.vinoalma.de\/blog\/2022\/03\/27\/somontano-am-fuss-des-gebirges\/\" class=\"more-link\">Continue reading <span class=\"screen-reader-text\">Somontano &#8211; am Fu\u00df des Gebirges<\/span><\/a><\/p>\n","protected":false},"author":5,"featured_media":4791,"comment_status":"closed","ping_status":"closed","sticky":false,"template":"","format":"standard","meta":{"_mi_skip_tracking":false},"categories":[88,87],"tags":[],"yoast_head":"<!-- This site is optimized with the Yoast SEO plugin v20.6 - https:\/\/yoast.com\/wordpress\/plugins\/seo\/ -->\n<title>Somontano - am Fu\u00df des Gebirges - Vino&amp;Alma Weinmagazin<\/title>\n<meta name=\"description\" content=\"Die DO Somontano ist ein Weingebiet in der autonomen Region Aragon mit einem ganz eigenen modernen wie internationalen Profil.\" \/>\n<meta name=\"robots\" content=\"index, follow, max-snippet:-1, max-image-preview:large, max-video-preview:-1\" \/>\n<link rel=\"canonical\" href=\"https:\/\/www.vinoalma.de\/blog\/2022\/03\/27\/somontano-am-fuss-des-gebirges\/\" \/>\n<meta property=\"og:locale\" content=\"de_DE\" \/>\n<meta property=\"og:type\" content=\"article\" \/>\n<meta property=\"og:title\" content=\"Somontano - am Fu\u00df des Gebirges - Vino&amp;Alma Weinmagazin\" \/>\n<meta property=\"og:description\" content=\"Die DO Somontano ist ein Weingebiet in der autonomen Region Aragon mit einem ganz eigenen modernen wie internationalen Profil.\" \/>\n<meta property=\"og:url\" content=\"https:\/\/www.vinoalma.de\/blog\/2022\/03\/27\/somontano-am-fuss-des-gebirges\/\" \/>\n<meta property=\"og:site_name\" content=\"Vino&amp;Alma Weinmagazin\" \/>\n<meta property=\"article:published_time\" content=\"2022-03-26T23:53:00+00:00\" \/>\n<meta property=\"article:modified_time\" content=\"2022-12-12T06:33:43+00:00\" \/>\n<meta property=\"og:image\" content=\"https:\/\/www.vinoalma.de\/blog\/wp-content\/uploads\/2022\/03\/Somontano.jpg\" \/>\n\t<meta property=\"og:image:width\" content=\"750\" \/>\n\t<meta property=\"og:image:height\" content=\"500\" \/>\n\t<meta property=\"og:image:type\" content=\"image\/jpeg\" \/>\n<meta name=\"author\" content=\"Thomas G\u00f6tz\" \/>\n<meta name=\"twitter:card\" content=\"summary_large_image\" \/>\n<meta name=\"twitter:label1\" content=\"Verfasst von\" \/>\n\t<meta name=\"twitter:data1\" content=\"Thomas G\u00f6tz\" \/>\n\t<meta name=\"twitter:label2\" content=\"Gesch\u00e4tzte Lesezeit\" \/>\n\t<meta name=\"twitter:data2\" content=\"4 Minuten\" \/>\n<script type=\"application\/ld+json\" class=\"yoast-schema-graph\">{\"@context\":\"https:\/\/schema.org\",\"@graph\":[{\"@type\":\"WebPage\",\"@id\":\"https:\/\/www.vinoalma.de\/blog\/2022\/03\/27\/somontano-am-fuss-des-gebirges\/\",\"url\":\"https:\/\/www.vinoalma.de\/blog\/2022\/03\/27\/somontano-am-fuss-des-gebirges\/\",\"name\":\"Somontano - am Fu\u00df des Gebirges - Vino&amp;Alma Weinmagazin\",\"isPartOf\":{\"@id\":\"https:\/\/www.vinoalma.de\/blog\/#website\"},\"datePublished\":\"2022-03-26T23:53:00+00:00\",\"dateModified\":\"2022-12-12T06:33:43+00:00\",\"author\":{\"@id\":\"https:\/\/www.vinoalma.de\/blog\/#\/schema\/person\/6f3c021d497ee8aa6afa972003456398\"},\"description\":\"Die DO Somontano ist ein Weingebiet in der autonomen Region Aragon mit einem ganz eigenen modernen wie internationalen Profil.\",\"breadcrumb\":{\"@id\":\"https:\/\/www.vinoalma.de\/blog\/2022\/03\/27\/somontano-am-fuss-des-gebirges\/#breadcrumb\"},\"inLanguage\":\"de-DE\",\"potentialAction\":[{\"@type\":\"ReadAction\",\"target\":[\"https:\/\/www.vinoalma.de\/blog\/2022\/03\/27\/somontano-am-fuss-des-gebirges\/\"]}]},{\"@type\":\"BreadcrumbList\",\"@id\":\"https:\/\/www.vinoalma.de\/blog\/2022\/03\/27\/somontano-am-fuss-des-gebirges\/#breadcrumb\",\"itemListElement\":[{\"@type\":\"ListItem\",\"position\":1,\"name\":\"Home\",\"item\":\"https:\/\/www.vinoalma.de\/blog\/\"},{\"@type\":\"ListItem\",\"position\":2,\"name\":\"Kategorien\",\"item\":\"https:\/\/www.vinoalma.de\/blog\/category\/kategorien\/\"},{\"@type\":\"ListItem\",\"position\":3,\"name\":\"Weingebiete\",\"item\":\"https:\/\/www.vinoalma.de\/blog\/category\/kategorien\/weingebiete\/\"},{\"@type\":\"ListItem\",\"position\":4,\"name\":\"Somontano &#8211; am Fu\u00df des Gebirges\"}]},{\"@type\":\"WebSite\",\"@id\":\"https:\/\/www.vinoalma.de\/blog\/#website\",\"url\":\"https:\/\/www.vinoalma.de\/blog\/\",\"name\":\"Vino&amp;Alma Weinmagazin\",\"description\":\"Willkommen beim Weinmagazin von Vino&amp;Alma. Hier finden Sie Informationen \u00fcber spanischen Weine, Weing\u00fcter und Anbaugebiete sowie generell Wissenswertes zum Thema Wein &amp; Kulinarik. \",\"potentialAction\":[{\"@type\":\"SearchAction\",\"target\":{\"@type\":\"EntryPoint\",\"urlTemplate\":\"https:\/\/www.vinoalma.de\/blog\/?s={search_term_string}\"},\"query-input\":\"required name=search_term_string\"}],\"inLanguage\":\"de-DE\"},{\"@type\":\"Person\",\"@id\":\"https:\/\/www.vinoalma.de\/blog\/#\/schema\/person\/6f3c021d497ee8aa6afa972003456398\",\"name\":\"Thomas G\u00f6tz\",\"image\":{\"@type\":\"ImageObject\",\"inLanguage\":\"de-DE\",\"@id\":\"https:\/\/www.vinoalma.de\/blog\/#\/schema\/person\/image\/\",\"url\":\"https:\/\/secure.gravatar.com\/avatar\/2921262b95c583980c07bb351d550484?s=96&d=mm&r=g\",\"contentUrl\":\"https:\/\/secure.gravatar.com\/avatar\/2921262b95c583980c07bb351d550484?s=96&d=mm&r=g\",\"caption\":\"Thomas G\u00f6tz\"},\"url\":\"https:\/\/www.vinoalma.de\/blog\/author\/thomas\/\"}]}<\/script>\n<!-- \/ Yoast SEO plugin. -->","yoast_head_json":{"title":"Somontano - am Fu\u00df des Gebirges - Vino&amp;Alma Weinmagazin","description":"Die DO Somontano ist ein Weingebiet in der autonomen Region Aragon mit einem ganz eigenen modernen wie internationalen Profil.","robots":{"index":"index","follow":"follow","max-snippet":"max-snippet:-1","max-image-preview":"max-image-preview:large","max-video-preview":"max-video-preview:-1"},"canonical":"https:\/\/www.vinoalma.de\/blog\/2022\/03\/27\/somontano-am-fuss-des-gebirges\/","og_locale":"de_DE","og_type":"article","og_title":"Somontano - am Fu\u00df des Gebirges - Vino&amp;Alma Weinmagazin","og_description":"Die DO Somontano ist ein Weingebiet in der autonomen Region Aragon mit einem ganz eigenen modernen wie internationalen Profil.","og_url":"https:\/\/www.vinoalma.de\/blog\/2022\/03\/27\/somontano-am-fuss-des-gebirges\/","og_site_name":"Vino&amp;Alma Weinmagazin","article_published_time":"2022-03-26T23:53:00+00:00","article_modified_time":"2022-12-12T06:33:43+00:00","og_image":[{"width":750,"height":500,"url":"https:\/\/www.vinoalma.de\/blog\/wp-content\/uploads\/2022\/03\/Somontano.jpg","type":"image\/jpeg"}],"author":"Thomas G\u00f6tz","twitter_card":"summary_large_image","twitter_misc":{"Verfasst von":"Thomas G\u00f6tz","Gesch\u00e4tzte Lesezeit":"4 Minuten"},"schema":{"@context":"https:\/\/schema.org","@graph":[{"@type":"WebPage","@id":"https:\/\/www.vinoalma.de\/blog\/2022\/03\/27\/somontano-am-fuss-des-gebirges\/","url":"https:\/\/www.vinoalma.de\/blog\/2022\/03\/27\/somontano-am-fuss-des-gebirges\/","name":"Somontano - am Fu\u00df des Gebirges - Vino&amp;Alma Weinmagazin","isPartOf":{"@id":"https:\/\/www.vinoalma.de\/blog\/#website"},"datePublished":"2022-03-26T23:53:00+00:00","dateModified":"2022-12-12T06:33:43+00:00","author":{"@id":"https:\/\/www.vinoalma.de\/blog\/#\/schema\/person\/6f3c021d497ee8aa6afa972003456398"},"description":"Die DO Somontano ist ein Weingebiet in der autonomen Region Aragon mit einem ganz eigenen modernen wie internationalen Profil.","breadcrumb":{"@id":"https:\/\/www.vinoalma.de\/blog\/2022\/03\/27\/somontano-am-fuss-des-gebirges\/#breadcrumb"},"inLanguage":"de-DE","potentialAction":[{"@type":"ReadAction","target":["https:\/\/www.vinoalma.de\/blog\/2022\/03\/27\/somontano-am-fuss-des-gebirges\/"]}]},{"@type":"BreadcrumbList","@id":"https:\/\/www.vinoalma.de\/blog\/2022\/03\/27\/somontano-am-fuss-des-gebirges\/#breadcrumb","itemListElement":[{"@type":"ListItem","position":1,"name":"Home","item":"https:\/\/www.vinoalma.de\/blog\/"},{"@type":"ListItem","position":2,"name":"Kategorien","item":"https:\/\/www.vinoalma.de\/blog\/category\/kategorien\/"},{"@type":"ListItem","position":3,"name":"Weingebiete","item":"https:\/\/www.vinoalma.de\/blog\/category\/kategorien\/weingebiete\/"},{"@type":"ListItem","position":4,"name":"Somontano &#8211; am Fu\u00df des Gebirges"}]},{"@type":"WebSite","@id":"https:\/\/www.vinoalma.de\/blog\/#website","url":"https:\/\/www.vinoalma.de\/blog\/","name":"Vino&amp;Alma Weinmagazin","description":"Willkommen beim Weinmagazin von Vino&amp;Alma. Hier finden Sie Informationen \u00fcber spanischen Weine, Weing\u00fcter und Anbaugebiete sowie generell Wissenswertes zum Thema Wein &amp; Kulinarik. ","potentialAction":[{"@type":"SearchAction","target":{"@type":"EntryPoint","urlTemplate":"https:\/\/www.vinoalma.de\/blog\/?s={search_term_string}"},"query-input":"required name=search_term_string"}],"inLanguage":"de-DE"},{"@type":"Person","@id":"https:\/\/www.vinoalma.de\/blog\/#\/schema\/person\/6f3c021d497ee8aa6afa972003456398","name":"Thomas G\u00f6tz","image":{"@type":"ImageObject","inLanguage":"de-DE","@id":"https:\/\/www.vinoalma.de\/blog\/#\/schema\/person\/image\/","url":"https:\/\/secure.gravatar.com\/avatar\/2921262b95c583980c07bb351d550484?s=96&d=mm&r=g","contentUrl":"https:\/\/secure.gravatar.com\/avatar\/2921262b95c583980c07bb351d550484?s=96&d=mm&r=g","caption":"Thomas G\u00f6tz"},"url":"https:\/\/www.vinoalma.de\/blog\/author\/thomas\/"}]}},"_links":{"self":[{"href":"https:\/\/www.vinoalma.de\/blog\/wp-json\/wp\/v2\/posts\/4777"}],"collection":[{"href":"https:\/\/www.vinoalma.de\/blog\/wp-json\/wp\/v2\/posts"}],"about":[{"href":"https:\/\/www.vinoalma.de\/blog\/wp-json\/wp\/v2\/types\/post"}],"author":[{"embeddable":true,"href":"https:\/\/www.vinoalma.de\/blog\/wp-json\/wp\/v2\/users\/5"}],"replies":[{"embeddable":true,"href":"https:\/\/www.vinoalma.de\/blog\/wp-json\/wp\/v2\/comments?post=4777"}],"version-history":[{"count":17,"href":"https:\/\/www.vinoalma.de\/blog\/wp-json\/wp\/v2\/posts\/4777\/revisions"}],"predecessor-version":[{"id":5280,"href":"https:\/\/www.vinoalma.de\/blog\/wp-json\/wp\/v2\/posts\/4777\/revisions\/5280"}],"wp:featuredmedia":[{"embeddable":true,"href":"https:\/\/www.vinoalma.de\/blog\/wp-json\/wp\/v2\/media\/4791"}],"wp:attachment":[{"href":"https:\/\/www.vinoalma.de\/blog\/wp-json\/wp\/v2\/media?parent=4777"}],"wp:term":[{"taxonomy":"category","embeddable":true,"href":"https:\/\/www.vinoalma.de\/blog\/wp-json\/wp\/v2\/categories?post=4777"},{"taxonomy":"post_tag","embeddable":true,"href":"https:\/\/www.vinoalma.de\/blog\/wp-json\/wp\/v2\/tags?post=4777"}],"curies":[{"name":"wp","href":"https:\/\/api.w.org\/{rel}","templated":true}]}}