{"id":4756,"date":"2022-03-18T09:46:46","date_gmt":"2022-03-18T08:46:46","guid":{"rendered":"https:\/\/www.vinoalma.de\/blog\/?p=4756"},"modified":"2022-12-12T07:36:09","modified_gmt":"2022-12-12T06:36:09","slug":"cabrales-zur-hoechstform-mit-suesswein","status":"publish","type":"post","link":"https:\/\/www.vinoalma.de\/blog\/2022\/03\/18\/cabrales-zur-hoechstform-mit-suesswein\/","title":{"rendered":"Cabrales: Zur H\u00f6chstform mit S\u00fc\u00dfwein"},"content":{"rendered":"\n<p>Wie beim Wein, bietet Spanien auch beim K\u00e4se einen enormen Reichtum an Sorten und Stilen, die sich aus der geografischen und klimatischen Vielfalt des Landes ergeben. Spanischer K\u00e4se wird aus Kuh-, Schaf- oder Ziegenmilch oder aus verschiedenen Kombinationen davon hergestellt. Dabei kommt die Milch h\u00e4ufig von spezifischen regionalen Tierrassen. Neben der industriellen Gro\u00dfproduktion gibt es ferner Tausende familiengef\u00fchrte Bauernh\u00f6fe, die ihren K\u00e4se auf handwerkliche Art erzeugen. Zu den wichtigsten und beliebtesten spanischen K\u00e4sesorten geh\u00f6ren Manchego, Torta del Casar und Cabrales. Von letztgenanntem Blauschimmelk\u00e4se handelt dieser Beitrag.<\/p>\n\n\n\n<h3 class=\"wp-block-heading\">Cabrales &#8211; Name und Ursprung<\/h3>\n\n\n\n<p>Cabrales ist ein K\u00e4se mit einer gesch\u00fctzten Herkunftsbezeichnung. Das hei\u00dft, er besitzt einen DOP-Status, wie er etwa beim Wein den <a href=\"https:\/\/www.vinoalma.de\/blog\/2021\/10\/29\/was-ist-und-was-macht-eine-do\/\" target=\"_blank\" rel=\"noreferrer noopener\">DO-Qualit\u00e4tsgebieten<\/a> entspricht. Konkret bedeutet dies, dass das Herkunftsgebiet D.O.P. Cabrales von einem Kontrollrat geleitet wird, der die Regeln f\u00fcr die K\u00e4seerzeugung vorgibt und kontrolliert.&nbsp;<\/p>\n\n\n\n<p>Neben verbindlichen Vorgaben zur K\u00e4seherstellung (etwa die Reifung des K\u00e4ses in H\u00f6hlen), definiert sich Cabrales-K\u00e4se vor allem durch seine Geografie. Er stammt aus der Gemeinde Cabrales, die aus 18 kleinen Ortschaften besteht. Erg\u00e4nzend darf der K\u00e4se in drei Ortschaften in der Nachbargemeinde Pe\u00f1amellera Alta hergestellt werden. Beide Gemeinden befinden sich in der autonomen Gemeinschaft Asturien in Nordspanien im gebirgigen Hinterland des Atlantiks, genannt Picos de Europa. Das Regenaufkommen ist in diesem atlantisch gepr\u00e4gten Bergland sehr hoch. Die Landschaft ist entsprechend viel gr\u00fcner, als man es gemeinhin von Spanien kennt und erwartet. Beinahe f\u00fchlt man sich wie in den Schweizer Alpen.<\/p>\n\n\n<div class=\"wp-block-image\">\n<figure class=\"aligncenter size-full\"><img decoding=\"async\" loading=\"lazy\" width=\"600\" height=\"338\" src=\"https:\/\/www.vinoalma.de\/blog\/wp-content\/uploads\/2022\/03\/Picos-de-Eurpa_1.jpg\" alt=\"\" class=\"wp-image-4775\" srcset=\"https:\/\/www.vinoalma.de\/blog\/wp-content\/uploads\/2022\/03\/Picos-de-Eurpa_1.jpg 600w, https:\/\/www.vinoalma.de\/blog\/wp-content\/uploads\/2022\/03\/Picos-de-Eurpa_1-300x169.jpg 300w\" sizes=\"(max-width: 600px) 100vw, 600px\" \/><figcaption class=\"wp-element-caption\">Die Gipfel der Picos de Europa sind bis zu 2.650 m hoch<\/figcaption><\/figure><\/div>\n\n\n<h3 class=\"wp-block-heading\">Die Herstellung: H\u00f6hlen in den Bergen<\/h3>\n\n\n\n<p>Aktuell geh\u00f6ren der DOP Cabrales 25 K\u00e4sereien und 32 Milchbetriebe an. Zusammen produzierten sie im Jahr 2019 rund 425.000 Kilogramm K\u00e4se. Cabrales wird entweder aus Kuh-, Schaf- und Ziegenmilch oder aus einer Mischung von zwei oder drei dieser Milchsorten hergestellt. Hierbei ist festzuhalten, dass Kuhmilch klar an erster Stelle liegt. Im Jahr 2019 wurden f\u00fcr Cabrales-K\u00e4se 4,6 Mio. Liter Kuhmilch verwendet. Ziegenmilch mit 80.000 Liter und Schafsmilch mit 50.000 Liter liegen klar dahinter.<\/p>\n\n\n\n<p>Sobald der K\u00e4se gemacht ist, wird er in die Berge transportiert und in H\u00f6hlen gebracht, um dort zwei bis vier Monate zu reifen. In diesen H\u00f6hlen betr\u00e4gt die Luftfeuchtigkeit um die 90 Prozent und die Temperatur liegt zwischen 8\u00ba und 12\u00ba C. Diese Bedingungen beg\u00fcnstigen die Entwicklung von Penicillium-Schimmelpilzen im K\u00e4se w\u00e4hrend der Reifung, was zur typischen blaugr\u00fcnen F\u00e4rbung und einem unverkennbaren Geschmacksbild f\u00fchrt.&nbsp;<\/p>\n\n\n\n<h3 class=\"wp-block-heading\">Cabrales mit Wein<\/h3>\n\n\n\n<p>Cabrales schmeckt stets w\u00fcrzig. Wenn der K\u00e4se aus Ziegen- oder Schafsmilch hergestellt wird (oder Anteile davon enth\u00e4lt), f\u00e4llt er sogar oftmals extrem w\u00fcrzig aus. Auch salzige Noten machen einen Cabrales aus. Die Textur des K\u00e4ses h\u00e4ngt unter anderem von der Reifezeit ab, als optimale Eigenschaft gilt halbweich bis weich.<\/p>\n\n\n\n<p>Stellt sich nun die Frage nach der passenden Weinbegleitung, die bei einem aromatisch derart intensiven K\u00e4se gar nicht so einfach ist: Tr\u00e4nke man zum beinahe scharf schmeckenden Cabrales-K\u00e4se etwa einen tanninhaltigen Rotwein, dann w\u00fcrde bei dieser Kombination ein unangenehmes metallisches Mundgef\u00fchl entstehen. Sowohl K\u00e4se, als auch Wein verlieren bei solch einem Pairing.\u00a0Stattdessen passt zu dem w\u00fcrzigen Blauschimmelk\u00e4se ein S\u00fc\u00dfwein ganz ausgezeichnet. Ideal sind etwa die nat\u00fcrlichen S\u00fc\u00dfweine (Naturalmente Dulce) aus der D.O. M\u00e1laga, die aus der Moscatel-Traube gewonnen werden. Ein guter Begleiter stellt ebenfalls ein nochmals s\u00fc\u00dferer PX aus dem Sherry-Gebiet dar. Generell kann man sagen, dass S\u00fc\u00dfwein und pikanter Blauschimmelk\u00e4se eine &#8222;Win-Win-Situation&#8220; bilden, denn die S\u00fc\u00dfe mildert die mitunter scharfe W\u00fcrze des K\u00e4ses ab und bringt ein ein harmonisches Genusserlebnis hervor.<\/p>\n\n\n<div class=\"row ppgbo_row ppgbo_product_1\">\n    \n    <div class=\"product col-12\">\n        <a class=\"product_link\" target=\"_blank\" href=\"https:\/\/www.vinoalma.de\/index.php?controller=product&#038;id_product=248?controller=product&#038;id_product=248\">Ariyanas Naturalment Dulce (2019)<\/a><img class=\"product_image\" src=\"https:\/\/vinoalma.de\/481-medium_default\/1.jpg\"  alt=\"Ariyanas Naturalment Dulce (2019)\" width=\"250\" height=\"250\" \/><h4 class=\"product_name\">Ariyanas Naturalment Dulce (2019)<\/h4><div class=\"product_description_short\">\n\nEin edler Tropfen f\u00fcr die besonderen Momente!\n\n\n\n\n\nWeinregion: D.O. [...]<\/div><span class=\"product_price\">24.90\u20ac<\/span>    <\/div>\n    \n    <\/div>\n<div class=\"clear\"><\/div>\n\n\n<div class=\"row ppgbo_row ppgbo_product_1\">\n    \n    <div class=\"product col-12\">\n        <a class=\"product_link\" target=\"_blank\" href=\"https:\/\/www.vinoalma.de\/index.php?controller=product&#038;id_product=91?controller=product&#038;id_product=91\">Barbadillo Pedro Ximenez<\/a><img class=\"product_image\" src=\"https:\/\/vinoalma.de\/956-medium_default\/1.jpg\"  alt=\"Barbadillo Pedro Ximenez\" width=\"250\" height=\"250\" \/><h4 class=\"product_name\">Barbadillo Pedro Ximenez<\/h4><div class=\"product_description_short\">\n\nDer perfekte Dessert-Wein aus edlem Hause zum g\u00fcnstigen Preis! \n\n\n\n\n\nWeinregion: D.O. [...]<\/div><span class=\"product_price\">12.90\u20ac<\/span>    <\/div>\n    \n    <\/div>\n<div class=\"clear\"><\/div>\n","protected":false},"excerpt":{"rendered":"<p>Wie beim Wein, bietet Spanien auch beim K\u00e4se einen enormen Reichtum an Sorten und Stilen, die sich aus der geografischen und klimatischen Vielfalt des Landes ergeben. Spanischer K\u00e4se wird aus Kuh-, Schaf- oder Ziegenmilch oder aus verschiedenen Kombinationen davon hergestellt. Dabei kommt die Milch h\u00e4ufig von spezifischen regionalen Tierrassen. Neben der industriellen Gro\u00dfproduktion gibt es &hellip; <a href=\"https:\/\/www.vinoalma.de\/blog\/2022\/03\/18\/cabrales-zur-hoechstform-mit-suesswein\/\" class=\"more-link\">Continue reading <span class=\"screen-reader-text\">Cabrales: Zur H\u00f6chstform mit S\u00fc\u00dfwein<\/span><\/a><\/p>\n","protected":false},"author":5,"featured_media":4774,"comment_status":"closed","ping_status":"closed","sticky":false,"template":"","format":"standard","meta":{"_mi_skip_tracking":false},"categories":[106],"tags":[],"yoast_head":"<!-- This site is optimized with the Yoast SEO plugin v20.6 - https:\/\/yoast.com\/wordpress\/plugins\/seo\/ -->\n<title>Cabrales: W\u00fcrze trifft auf S\u00fc\u00dfwein | Vino&amp;Alma Magazin<\/title>\n<meta name=\"description\" content=\"Cabrales ist ein w\u00fcrziger Blauschimmelk\u00e4se aus dem nordspanischen Asturien, der in Kombination mit einem S\u00fc\u00dfwein zur H\u00f6chstform aufl\u00e4uft.\" \/>\n<meta name=\"robots\" content=\"index, follow, max-snippet:-1, max-image-preview:large, max-video-preview:-1\" \/>\n<link rel=\"canonical\" href=\"https:\/\/www.vinoalma.de\/blog\/2022\/03\/18\/cabrales-zur-hoechstform-mit-suesswein\/\" \/>\n<meta property=\"og:locale\" content=\"de_DE\" \/>\n<meta property=\"og:type\" content=\"article\" \/>\n<meta property=\"og:title\" content=\"Cabrales: W\u00fcrze trifft auf S\u00fc\u00dfwein | Vino&amp;Alma Magazin\" \/>\n<meta property=\"og:description\" content=\"Cabrales ist ein w\u00fcrziger Blauschimmelk\u00e4se aus dem nordspanischen Asturien, der in Kombination mit einem S\u00fc\u00dfwein zur H\u00f6chstform aufl\u00e4uft.\" \/>\n<meta property=\"og:url\" content=\"https:\/\/www.vinoalma.de\/blog\/2022\/03\/18\/cabrales-zur-hoechstform-mit-suesswein\/\" \/>\n<meta property=\"og:site_name\" content=\"Vino&amp;Alma Weinmagazin\" \/>\n<meta property=\"article:published_time\" content=\"2022-03-18T08:46:46+00:00\" \/>\n<meta property=\"article:modified_time\" content=\"2022-12-12T06:36:09+00:00\" \/>\n<meta property=\"og:image\" content=\"https:\/\/www.vinoalma.de\/blog\/wp-content\/uploads\/2022\/03\/Cabrales.jpg\" \/>\n\t<meta property=\"og:image:width\" content=\"750\" \/>\n\t<meta property=\"og:image:height\" content=\"500\" \/>\n\t<meta property=\"og:image:type\" content=\"image\/jpeg\" \/>\n<meta name=\"author\" content=\"Thomas G\u00f6tz\" \/>\n<meta name=\"twitter:card\" content=\"summary_large_image\" \/>\n<meta name=\"twitter:label1\" content=\"Verfasst von\" \/>\n\t<meta name=\"twitter:data1\" content=\"Thomas G\u00f6tz\" \/>\n\t<meta name=\"twitter:label2\" content=\"Gesch\u00e4tzte Lesezeit\" \/>\n\t<meta name=\"twitter:data2\" content=\"4 Minuten\" \/>\n<script type=\"application\/ld+json\" class=\"yoast-schema-graph\">{\"@context\":\"https:\/\/schema.org\",\"@graph\":[{\"@type\":\"WebPage\",\"@id\":\"https:\/\/www.vinoalma.de\/blog\/2022\/03\/18\/cabrales-zur-hoechstform-mit-suesswein\/\",\"url\":\"https:\/\/www.vinoalma.de\/blog\/2022\/03\/18\/cabrales-zur-hoechstform-mit-suesswein\/\",\"name\":\"Cabrales: W\u00fcrze trifft auf S\u00fc\u00dfwein | Vino&Alma Magazin\",\"isPartOf\":{\"@id\":\"https:\/\/www.vinoalma.de\/blog\/#website\"},\"datePublished\":\"2022-03-18T08:46:46+00:00\",\"dateModified\":\"2022-12-12T06:36:09+00:00\",\"author\":{\"@id\":\"https:\/\/www.vinoalma.de\/blog\/#\/schema\/person\/6f3c021d497ee8aa6afa972003456398\"},\"description\":\"Cabrales ist ein w\u00fcrziger Blauschimmelk\u00e4se aus dem nordspanischen Asturien, der in Kombination mit einem S\u00fc\u00dfwein zur H\u00f6chstform aufl\u00e4uft.\",\"breadcrumb\":{\"@id\":\"https:\/\/www.vinoalma.de\/blog\/2022\/03\/18\/cabrales-zur-hoechstform-mit-suesswein\/#breadcrumb\"},\"inLanguage\":\"de-DE\",\"potentialAction\":[{\"@type\":\"ReadAction\",\"target\":[\"https:\/\/www.vinoalma.de\/blog\/2022\/03\/18\/cabrales-zur-hoechstform-mit-suesswein\/\"]}]},{\"@type\":\"BreadcrumbList\",\"@id\":\"https:\/\/www.vinoalma.de\/blog\/2022\/03\/18\/cabrales-zur-hoechstform-mit-suesswein\/#breadcrumb\",\"itemListElement\":[{\"@type\":\"ListItem\",\"position\":1,\"name\":\"Home\",\"item\":\"https:\/\/www.vinoalma.de\/blog\/\"},{\"@type\":\"ListItem\",\"position\":2,\"name\":\"Wein &amp; Kulinarik\",\"item\":\"https:\/\/www.vinoalma.de\/blog\/category\/wein-kulinarik\/\"},{\"@type\":\"ListItem\",\"position\":3,\"name\":\"Cabrales: Zur H\u00f6chstform mit S\u00fc\u00dfwein\"}]},{\"@type\":\"WebSite\",\"@id\":\"https:\/\/www.vinoalma.de\/blog\/#website\",\"url\":\"https:\/\/www.vinoalma.de\/blog\/\",\"name\":\"Vino&amp;Alma Weinmagazin\",\"description\":\"Willkommen beim Weinmagazin von Vino&amp;Alma. Hier finden Sie Informationen \u00fcber spanischen Weine, Weing\u00fcter und Anbaugebiete sowie generell Wissenswertes zum Thema Wein &amp; Kulinarik. \",\"potentialAction\":[{\"@type\":\"SearchAction\",\"target\":{\"@type\":\"EntryPoint\",\"urlTemplate\":\"https:\/\/www.vinoalma.de\/blog\/?s={search_term_string}\"},\"query-input\":\"required name=search_term_string\"}],\"inLanguage\":\"de-DE\"},{\"@type\":\"Person\",\"@id\":\"https:\/\/www.vinoalma.de\/blog\/#\/schema\/person\/6f3c021d497ee8aa6afa972003456398\",\"name\":\"Thomas G\u00f6tz\",\"image\":{\"@type\":\"ImageObject\",\"inLanguage\":\"de-DE\",\"@id\":\"https:\/\/www.vinoalma.de\/blog\/#\/schema\/person\/image\/\",\"url\":\"https:\/\/secure.gravatar.com\/avatar\/2921262b95c583980c07bb351d550484?s=96&d=mm&r=g\",\"contentUrl\":\"https:\/\/secure.gravatar.com\/avatar\/2921262b95c583980c07bb351d550484?s=96&d=mm&r=g\",\"caption\":\"Thomas G\u00f6tz\"},\"url\":\"https:\/\/www.vinoalma.de\/blog\/author\/thomas\/\"}]}<\/script>\n<!-- \/ Yoast SEO plugin. -->","yoast_head_json":{"title":"Cabrales: W\u00fcrze trifft auf S\u00fc\u00dfwein | Vino&Alma Magazin","description":"Cabrales ist ein w\u00fcrziger Blauschimmelk\u00e4se aus dem nordspanischen Asturien, der in Kombination mit einem S\u00fc\u00dfwein zur H\u00f6chstform aufl\u00e4uft.","robots":{"index":"index","follow":"follow","max-snippet":"max-snippet:-1","max-image-preview":"max-image-preview:large","max-video-preview":"max-video-preview:-1"},"canonical":"https:\/\/www.vinoalma.de\/blog\/2022\/03\/18\/cabrales-zur-hoechstform-mit-suesswein\/","og_locale":"de_DE","og_type":"article","og_title":"Cabrales: W\u00fcrze trifft auf S\u00fc\u00dfwein | Vino&Alma Magazin","og_description":"Cabrales ist ein w\u00fcrziger Blauschimmelk\u00e4se aus dem nordspanischen Asturien, der in Kombination mit einem S\u00fc\u00dfwein zur H\u00f6chstform aufl\u00e4uft.","og_url":"https:\/\/www.vinoalma.de\/blog\/2022\/03\/18\/cabrales-zur-hoechstform-mit-suesswein\/","og_site_name":"Vino&amp;Alma Weinmagazin","article_published_time":"2022-03-18T08:46:46+00:00","article_modified_time":"2022-12-12T06:36:09+00:00","og_image":[{"width":750,"height":500,"url":"https:\/\/www.vinoalma.de\/blog\/wp-content\/uploads\/2022\/03\/Cabrales.jpg","type":"image\/jpeg"}],"author":"Thomas G\u00f6tz","twitter_card":"summary_large_image","twitter_misc":{"Verfasst von":"Thomas G\u00f6tz","Gesch\u00e4tzte Lesezeit":"4 Minuten"},"schema":{"@context":"https:\/\/schema.org","@graph":[{"@type":"WebPage","@id":"https:\/\/www.vinoalma.de\/blog\/2022\/03\/18\/cabrales-zur-hoechstform-mit-suesswein\/","url":"https:\/\/www.vinoalma.de\/blog\/2022\/03\/18\/cabrales-zur-hoechstform-mit-suesswein\/","name":"Cabrales: W\u00fcrze trifft auf S\u00fc\u00dfwein | Vino&Alma Magazin","isPartOf":{"@id":"https:\/\/www.vinoalma.de\/blog\/#website"},"datePublished":"2022-03-18T08:46:46+00:00","dateModified":"2022-12-12T06:36:09+00:00","author":{"@id":"https:\/\/www.vinoalma.de\/blog\/#\/schema\/person\/6f3c021d497ee8aa6afa972003456398"},"description":"Cabrales ist ein w\u00fcrziger Blauschimmelk\u00e4se aus dem nordspanischen Asturien, der in Kombination mit einem S\u00fc\u00dfwein zur H\u00f6chstform aufl\u00e4uft.","breadcrumb":{"@id":"https:\/\/www.vinoalma.de\/blog\/2022\/03\/18\/cabrales-zur-hoechstform-mit-suesswein\/#breadcrumb"},"inLanguage":"de-DE","potentialAction":[{"@type":"ReadAction","target":["https:\/\/www.vinoalma.de\/blog\/2022\/03\/18\/cabrales-zur-hoechstform-mit-suesswein\/"]}]},{"@type":"BreadcrumbList","@id":"https:\/\/www.vinoalma.de\/blog\/2022\/03\/18\/cabrales-zur-hoechstform-mit-suesswein\/#breadcrumb","itemListElement":[{"@type":"ListItem","position":1,"name":"Home","item":"https:\/\/www.vinoalma.de\/blog\/"},{"@type":"ListItem","position":2,"name":"Wein &amp; Kulinarik","item":"https:\/\/www.vinoalma.de\/blog\/category\/wein-kulinarik\/"},{"@type":"ListItem","position":3,"name":"Cabrales: Zur H\u00f6chstform mit S\u00fc\u00dfwein"}]},{"@type":"WebSite","@id":"https:\/\/www.vinoalma.de\/blog\/#website","url":"https:\/\/www.vinoalma.de\/blog\/","name":"Vino&amp;Alma Weinmagazin","description":"Willkommen beim Weinmagazin von Vino&amp;Alma. Hier finden Sie Informationen \u00fcber spanischen Weine, Weing\u00fcter und Anbaugebiete sowie generell Wissenswertes zum Thema Wein &amp; Kulinarik. ","potentialAction":[{"@type":"SearchAction","target":{"@type":"EntryPoint","urlTemplate":"https:\/\/www.vinoalma.de\/blog\/?s={search_term_string}"},"query-input":"required name=search_term_string"}],"inLanguage":"de-DE"},{"@type":"Person","@id":"https:\/\/www.vinoalma.de\/blog\/#\/schema\/person\/6f3c021d497ee8aa6afa972003456398","name":"Thomas G\u00f6tz","image":{"@type":"ImageObject","inLanguage":"de-DE","@id":"https:\/\/www.vinoalma.de\/blog\/#\/schema\/person\/image\/","url":"https:\/\/secure.gravatar.com\/avatar\/2921262b95c583980c07bb351d550484?s=96&d=mm&r=g","contentUrl":"https:\/\/secure.gravatar.com\/avatar\/2921262b95c583980c07bb351d550484?s=96&d=mm&r=g","caption":"Thomas G\u00f6tz"},"url":"https:\/\/www.vinoalma.de\/blog\/author\/thomas\/"}]}},"_links":{"self":[{"href":"https:\/\/www.vinoalma.de\/blog\/wp-json\/wp\/v2\/posts\/4756"}],"collection":[{"href":"https:\/\/www.vinoalma.de\/blog\/wp-json\/wp\/v2\/posts"}],"about":[{"href":"https:\/\/www.vinoalma.de\/blog\/wp-json\/wp\/v2\/types\/post"}],"author":[{"embeddable":true,"href":"https:\/\/www.vinoalma.de\/blog\/wp-json\/wp\/v2\/users\/5"}],"replies":[{"embeddable":true,"href":"https:\/\/www.vinoalma.de\/blog\/wp-json\/wp\/v2\/comments?post=4756"}],"version-history":[{"count":18,"href":"https:\/\/www.vinoalma.de\/blog\/wp-json\/wp\/v2\/posts\/4756\/revisions"}],"predecessor-version":[{"id":5281,"href":"https:\/\/www.vinoalma.de\/blog\/wp-json\/wp\/v2\/posts\/4756\/revisions\/5281"}],"wp:featuredmedia":[{"embeddable":true,"href":"https:\/\/www.vinoalma.de\/blog\/wp-json\/wp\/v2\/media\/4774"}],"wp:attachment":[{"href":"https:\/\/www.vinoalma.de\/blog\/wp-json\/wp\/v2\/media?parent=4756"}],"wp:term":[{"taxonomy":"category","embeddable":true,"href":"https:\/\/www.vinoalma.de\/blog\/wp-json\/wp\/v2\/categories?post=4756"},{"taxonomy":"post_tag","embeddable":true,"href":"https:\/\/www.vinoalma.de\/blog\/wp-json\/wp\/v2\/tags?post=4756"}],"curies":[{"name":"wp","href":"https:\/\/api.w.org\/{rel}","templated":true}]}}