{"id":4583,"date":"2022-02-11T12:46:21","date_gmt":"2022-02-11T11:46:21","guid":{"rendered":"https:\/\/www.vinoalma.de\/blog\/?p=4583"},"modified":"2022-12-12T07:45:18","modified_gmt":"2022-12-12T06:45:18","slug":"rioja-alavesa-alta-und-oriental","status":"publish","type":"post","link":"https:\/\/www.vinoalma.de\/blog\/2022\/02\/11\/rioja-alavesa-alta-und-oriental\/","title":{"rendered":"Die drei Subzonen der DOCa Rioja"},"content":{"rendered":"\n<p>Die DOCa Rioja ist Spaniens bekannteste und mit Abstand erfolgreichste Weinregion. Sowohl im nationalen Markt als auch beim Export steht Rioja vor allen anderen spanischen Appellationen an erster Stelle. Mit 66.200 Hektar ist die DOCa Rioja au\u00dferdem das zweitgr\u00f6\u00dfte Anbaugebiet des Landes. Diese Gr\u00f6\u00dfe deutet darauf hin, dass es nicht das eine, sondern viele Riojas gibt. Folglich ist die Weinbauregion in die drei Subzonen Rioja Alavesa, Alta und Oriental eingeteilt. In diesem Beitrag gehen wir auf den Charakter der jeweiligen Subzonen ein. <\/p>\n\n\n\n<h3 class=\"wp-block-heading\" id=\"geografie-und-terroir-der-doca-rioja\">Geografie und Terroir der DOCa Rioja<\/h3>\n\n\n\n<p>Aufgrund der besonderen geografischen Lage ist die Rioja ein gesegnetes Weingebiet. Zum einen befindet sich die nordspanische Region nah am Atlantik. Zum Golf von Biscaya betr\u00e4gt die Entfernung weniger als 100 Kilometer. Vorgelagert zum Atlantik befindet sich der Bergzug Sierra de Cantabria. Die Berge sind mit um die 1500 m.\u00fc.NN hoch genug, um ins Land hereinziehende Regenwolken aufzuhalten. Die Gipfel sind aber auch nicht so hoch, dass sie alle Wolken blockieren w\u00fcrden. Ein Teil der Feuchtigkeit und K\u00fchle dringt \u00fcber die Bergkuppen ins Gebiet hinein. Somit ist in der Rioja ein gem\u00e4\u00dfigter atlantischer Klimaeinfluss zu sp\u00fcren. Kurz gesagt: Nicht zu viel, aber ausreichend Regen.<\/p>\n\n\n<div class=\"wp-block-image\">\n<figure class=\"aligncenter size-full\"><img decoding=\"async\" loading=\"lazy\" width=\"600\" height=\"389\" src=\"https:\/\/www.vinoalma.de\/blog\/wp-content\/uploads\/2022\/02\/Subzonen-Rioja.jpg\" alt=\"\" class=\"wp-image-4637\" srcset=\"https:\/\/www.vinoalma.de\/blog\/wp-content\/uploads\/2022\/02\/Subzonen-Rioja.jpg 600w, https:\/\/www.vinoalma.de\/blog\/wp-content\/uploads\/2022\/02\/Subzonen-Rioja-300x195.jpg 300w\" sizes=\"(max-width: 600px) 100vw, 600px\" \/><figcaption class=\"wp-element-caption\">Die DOCa Rioja und ihre drei Subzonen. Baja wurde 2018 in Oriental umbenannt.<\/figcaption><\/figure><\/div>\n\n\n<p>Zum anderen ist die Rioja nach S\u00fcden von der Sierra de la Demanda eingegrenzt. Dieser h\u00f6here Bergzug blockt die Rioja zum sehr hei\u00dfen Zentralspanien ab und verhindert, dass die hei\u00dfe Luft von dort aus ins Gebiet hereinziehen kann. Folglich kann man auch hier von einem gem\u00e4\u00dfigten, in diesem Fall kontinentalen Klima sprechen. Die Sommer sind in der Rioja durchaus hei\u00df und die Winter kalt, aber sie sind nicht so extrem hei\u00df bzw. extrem kalt wie weiter landeinw\u00e4rts, etwa in Ribera del Duero. <\/p>\n\n\n\n<p>Einen dritten wichtigen geografischen Faktor stellt der Fluss Ebro dar. Er durchzieht die DOCa Rioja von West nach Ost auf etwa 120 Kilometer L\u00e4nge. Im breiten Tal des Ebro findet, rechts und links vom Fluss, ein Gro\u00dfteil des Weinbaus statt. In seinem weiteren Verlauf m\u00fcndet der Ebro ins Mittelmeer. Das Tal, das er bildet, ist wie ein Korridor, durch den warme mediterrane ins Land und bis in die Rioja hineinziehen kann. Somit herrscht im Gebiet neben dem erw\u00e4hnten atlantischen und kontinentalen Einfluss auch ein gem\u00e4\u00dfigtes mediterranes Klima. Die Rioja bekommt im Grunde das beste von allen Welten ab.<\/p>\n\n\n\n<h3 class=\"wp-block-heading\" id=\"rioja-oriental-die-mediterran-gepragte-zone\">Rioja Oriental &#8211; die mediterran gepr\u00e4gte Zone<\/h3>\n\n\n\n<p>Rioja Oriental erstreckt sich durch die \u00f6stliche H\u00e4lfte der DOCa Rioja. Da das Gebiet flussabw\u00e4rts und somit n\u00e4her am Mittelmeer liegt, hat es einen st\u00e4rkeren mediterranen Einfluss, ist also hei\u00dfer und trockener als die anderen beiden Zonen. Im breiten Ebrotal w\u00e4chst Wein auf 300 bis 400 Metern H\u00f6he. Teils befinden sich Weinberge an den Bergh\u00e4ngen, die das Gebiet einfassen. Dann geht es auf bis zu 750 Meter hoch. Da das Klima w\u00e4rmer als in den anderen Zonen ist, fallen die Weine in der Regel reifer und konzentrierter aus.<\/p>\n\n\n<div class=\"wp-block-image\">\n<figure class=\"aligncenter size-full\"><img decoding=\"async\" loading=\"lazy\" width=\"600\" height=\"450\" src=\"https:\/\/www.vinoalma.de\/blog\/wp-content\/uploads\/2022\/02\/9C9757B2-E758-4DAE-8BD2-7F37F20A8B3F.jpeg\" alt=\"Weinberge in Rioja Oriental\" class=\"wp-image-4592\" srcset=\"https:\/\/www.vinoalma.de\/blog\/wp-content\/uploads\/2022\/02\/9C9757B2-E758-4DAE-8BD2-7F37F20A8B3F.jpeg 600w, https:\/\/www.vinoalma.de\/blog\/wp-content\/uploads\/2022\/02\/9C9757B2-E758-4DAE-8BD2-7F37F20A8B3F-300x225.jpeg 300w, https:\/\/www.vinoalma.de\/blog\/wp-content\/uploads\/2022\/02\/9C9757B2-E758-4DAE-8BD2-7F37F20A8B3F-565x424.jpeg 565w, https:\/\/www.vinoalma.de\/blog\/wp-content\/uploads\/2022\/02\/9C9757B2-E758-4DAE-8BD2-7F37F20A8B3F-310x232.jpeg 310w\" sizes=\"(max-width: 600px) 100vw, 600px\" \/><figcaption class=\"wp-element-caption\">Der Ebro bildet in Rioja Oriental ein breites flaches Tal, das mitunter wie ein gro\u00dfes Weinmeer aussieht. Foto: Thomas G\u00f6tz<\/figcaption><\/figure><\/div>\n\n\n<p>Fr\u00fcher hie\u00df die Zone Rioja Baja. 2018 erfolgte die Umbenennung in Rioja Oriental. Durch das w\u00e4rmere Klima gedeiht hier die sp\u00e4treifende Sorte Garnacha sehr gut. Einst war sie die am h\u00e4ufigsten angebaute Sorte in Rioja Oriental. Doch mittlerweile dominiert auch hier die Tempranillo. Nichtsdestotrotz nimmt die Garnacha einen wichtigen Platz ein. Klassische Rioja-Weine bestehen aus der Hauptsorte Tempranillo, erg\u00e4nzt um Garnacha, die eine weiche Saftigkeit einbringt und Graciano oder Mazuelo, die dem Wein seine Tanninstruktur geben.<\/p>\n\n\n<div class=\"row ppgbo_row ppgbo_product_1\">\n    \n    <div class=\"product col-12\">\n        <a class=\"product_link\" target=\"_blank\" href=\"https:\/\/www.vinoalma.de\/index.php?controller=product&#038;id_product=209?controller=product&#038;id_product=209\">Finca Manzanos Gran Reserva (2010)<\/a><img class=\"product_image\" src=\"https:\/\/vinoalma.de\/418-medium_default\/1.jpg\"  alt=\"Finca Manzanos Gran Reserva (2010)\" width=\"250\" height=\"250\" \/><h4 class=\"product_name\">Finca Manzanos Gran Reserva (2010)<\/h4><div class=\"product_description_short\">\n\n - Gran Reserva - \n\n\n\n\n\nWeinregion: D.O.C Rioja\n\n\n\n\n\nWeingut: Bodegas [...]<\/div><span class=\"product_price\">19.90\u20ac<\/span>    <\/div>\n    \n    <\/div>\n<div class=\"clear\"><\/div>\n\n\n\n<hr class=\"wp-block-separator has-css-opacity\"\/>\n\n\n\n<h3 class=\"wp-block-heading\" id=\"rioja-alavesa-die-atlantisch-gepragte-zone\">Rioja Alavesa &#8211; die atlantisch gepr\u00e4gte Zone<\/h3>\n\n\n\n<p>Die Subzone Rioja Alavesa geh\u00f6rt zum Baskenland. Sie liegt n\u00f6rdlich des Ebro-Flusses, unmittelbar am Fu\u00dfe der Sierra Cantabria und somit am n\u00e4chsten zum Atlantik. Anders als Rioja Oriental ist das Gebiet nicht mehrheitlich flach, sondern h\u00fcgelig, mitunter schroff bergig, und der Weinbau findet auf 450 bis 800 Metern statt. <\/p>\n\n\n\n<p>Rioja Alavesa ist die k\u00fchlste Subzone der DOCa Rioja, der atlantische Einfluss ist hier am deutlichsten sp\u00fcrbar. Wegen des k\u00fchleren Klimas reift die Tempranillo (eigentlich eine fr\u00fchreifende Sorte) hier langsamer. In Rioja Alavesa kann die Traube frische S\u00e4ure besser konservieren und markantes Tannin aufbauen. Aufgrund dessen wird die Tempranillo in Alavesa gerne auch sortenrein ausgebaut, wie bei folgender Crianza. PS: Die Begriffe Crianza, Reserva und Gran Reserva haben wir schon einmal <a href=\"https:\/\/www.vinoalma.de\/blog\/2019\/10\/13\/crianza-reserva-gran-reserva-unterschied\/\" target=\"_blank\" rel=\"noreferrer noopener\">in diesem Beitrag<\/a> genauer beleuchtet.<\/p>\n\n\n<div class=\"row ppgbo_row ppgbo_product_1\">\n    \n    <div class=\"product col-12\">\n        <a class=\"product_link\" target=\"_blank\" href=\"https:\/\/www.vinoalma.de\/index.php?controller=product&#038;id_product=11?controller=product&#038;id_product=11\">Alt\u00fan Crianza (2017)<\/a><img class=\"product_image\" src=\"https:\/\/vinoalma.de\/277-medium_default\/1.jpg\"  alt=\"Alt\u00fan Crianza (2017)\" width=\"250\" height=\"250\" \/><h4 class=\"product_name\">Alt\u00fan Crianza (2017)<\/h4><div class=\"product_description_short\">\n\nEine echte Perle aus der Rioja, mit sch\u00f6ner Frucht und angenehmen [...]<\/div><span class=\"product_price\">9.90\u20ac<\/span>    <\/div>\n    \n    <\/div>\n<div class=\"clear\"><\/div>\n\n\n\n<hr class=\"wp-block-separator has-css-opacity\"\/>\n\n\n\n<h3 class=\"wp-block-heading\" id=\"rioja-alta-die-klassische-subzone\">Rioja Alta &#8211; die klassische Subzone<\/h3>\n\n\n\n<p>Schaut man auf die Weing\u00fcter, dann weist die Subzone Rioja Alta sicher die gr\u00f6\u00dfte Tradition auf: Vi\u00f1a Tondonia, Vi\u00f1a Pomal, CVNE, Marques de Murietta, La Rioja Alta und Muga, um nur ein paar der gro\u00dfen und altgedienten Namen zu nennen. Wie Alavesa ist auch in Alta der Einfluss des Atlantiks sp\u00fcrbar und das Klima ist k\u00fchler als in Oriental. Gleichwohl schwappt auch ein wenig mediterrane Luft ins Gebiet, so dass Rioja Alta einen echten Mix darstellt.<\/p>\n\n\n\n<p>Gr\u00f6\u00dftenteils wird Wein auf 400 bis 600 Metern angebaut. Doch im Zuge der Erderw\u00e4rmung suchen die Winzer vermehrt nach h\u00f6heren Lagen. Da Rioja Alta von Bergen umgeben ist, werden sie leicht f\u00fcndig. An den Ausl\u00e4ufern von Sierra de la Demanda und Sierra de Cameros w\u00e4chst Wein mittlerweile auf beinahe 900 Metern H\u00f6he. So \u00e4ndert sich auch in der traditionsreichen Rioja Alta der Weinbau. Was aber bleibt, ist die traditionelle Cuv\u00e9e aus der Hauptrebe Tempranillo, erg\u00e4nzt um Garnacha und Graciano, wie bei folgendem Wein. <\/p>\n\n\n<div class=\"row ppgbo_row ppgbo_product_1\">\n    \n    <div class=\"product col-12\">\n        <a class=\"product_link\" target=\"_blank\" href=\"https:\/\/www.vinoalma.de\/index.php?controller=product&#038;id_product=79?controller=product&#038;id_product=79\">Se\u00f1or\u00edo de Peci\u00f1a Reserva (2016)<\/a><img class=\"product_image\" src=\"https:\/\/vinoalma.de\/801-medium_default\/1.jpg\"  alt=\"Se\u00f1or\u00edo de Peci\u00f1a Reserva (2016)\" width=\"250\" height=\"250\" \/><h4 class=\"product_name\">Se\u00f1or\u00edo de Peci\u00f1a Reserva (2016)<\/h4><div class=\"product_description_short\">\n\nDie schonende und besondere Herstellung machen diesen Wein aus der D.O.C. Rioja zu [...]<\/div><span class=\"product_price\">21.90\u20ac<\/span>    <\/div>\n    \n    <\/div>\n<div class=\"clear\"><\/div>\n\n\n\n<hr class=\"wp-block-separator has-css-opacity\"\/>\n\n\n\n<p>Titelbild: \u00a9&nbsp;Thomas G\u00f6tz<\/p>\n","protected":false},"excerpt":{"rendered":"<p>Die DOCa Rioja ist Spaniens bekannteste und mit Abstand erfolgreichste Weinregion. Sowohl im nationalen Markt als auch beim Export steht Rioja vor allen anderen spanischen Appellationen an erster Stelle. Mit 66.200 Hektar ist die DOCa Rioja au\u00dferdem das zweitgr\u00f6\u00dfte Anbaugebiet des Landes. Diese Gr\u00f6\u00dfe deutet darauf hin, dass es nicht das eine, sondern viele Riojas &hellip; <a href=\"https:\/\/www.vinoalma.de\/blog\/2022\/02\/11\/rioja-alavesa-alta-und-oriental\/\" class=\"more-link\">Continue reading <span class=\"screen-reader-text\">Die drei Subzonen der DOCa Rioja<\/span><\/a><\/p>\n","protected":false},"author":5,"featured_media":4595,"comment_status":"closed","ping_status":"closed","sticky":false,"template":"","format":"standard","meta":{"_mi_skip_tracking":false},"categories":[88,87],"tags":[],"yoast_head":"<!-- This site is optimized with the Yoast SEO plugin v20.6 - https:\/\/yoast.com\/wordpress\/plugins\/seo\/ -->\n<title>Rioja Alavesa, Alta und Oriental: die drei Subzonen der DOCa Rioja<\/title>\n<meta name=\"description\" content=\"Rioja Alavesa, Alta und Oriental hei\u00dfen die drei Subzonen der ber\u00fchmten DOCa Rioja. Wir gehen auf ihre Gemeinsamkeiten und Unterschiede ein.\" \/>\n<meta name=\"robots\" content=\"index, follow, max-snippet:-1, max-image-preview:large, max-video-preview:-1\" \/>\n<link rel=\"canonical\" href=\"https:\/\/www.vinoalma.de\/blog\/2022\/02\/11\/rioja-alavesa-alta-und-oriental\/\" \/>\n<meta property=\"og:locale\" content=\"de_DE\" \/>\n<meta property=\"og:type\" content=\"article\" \/>\n<meta property=\"og:title\" content=\"Rioja Alavesa, Alta und Oriental: die drei Subzonen der DOCa Rioja\" \/>\n<meta property=\"og:description\" content=\"Rioja Alavesa, Alta und Oriental hei\u00dfen die drei Subzonen der ber\u00fchmten DOCa Rioja. Wir gehen auf ihre Gemeinsamkeiten und Unterschiede ein.\" \/>\n<meta property=\"og:url\" content=\"https:\/\/www.vinoalma.de\/blog\/2022\/02\/11\/rioja-alavesa-alta-und-oriental\/\" \/>\n<meta property=\"og:site_name\" content=\"Vino&amp;Alma Weinmagazin\" \/>\n<meta property=\"article:published_time\" content=\"2022-02-11T11:46:21+00:00\" \/>\n<meta property=\"article:modified_time\" content=\"2022-12-12T06:45:18+00:00\" \/>\n<meta property=\"og:image\" content=\"https:\/\/www.vinoalma.de\/blog\/wp-content\/uploads\/2022\/02\/62B30370-D730-4A11-BBCA-4A3081E7356F.jpeg\" \/>\n\t<meta property=\"og:image:width\" content=\"750\" \/>\n\t<meta property=\"og:image:height\" content=\"563\" \/>\n\t<meta property=\"og:image:type\" content=\"image\/jpeg\" \/>\n<meta name=\"author\" content=\"Thomas G\u00f6tz\" \/>\n<meta name=\"twitter:card\" content=\"summary_large_image\" \/>\n<meta name=\"twitter:label1\" content=\"Verfasst von\" \/>\n\t<meta name=\"twitter:data1\" content=\"Thomas G\u00f6tz\" \/>\n\t<meta name=\"twitter:label2\" content=\"Gesch\u00e4tzte Lesezeit\" \/>\n\t<meta name=\"twitter:data2\" content=\"6 Minuten\" \/>\n<script type=\"application\/ld+json\" class=\"yoast-schema-graph\">{\"@context\":\"https:\/\/schema.org\",\"@graph\":[{\"@type\":\"WebPage\",\"@id\":\"https:\/\/www.vinoalma.de\/blog\/2022\/02\/11\/rioja-alavesa-alta-und-oriental\/\",\"url\":\"https:\/\/www.vinoalma.de\/blog\/2022\/02\/11\/rioja-alavesa-alta-und-oriental\/\",\"name\":\"Rioja Alavesa, Alta und Oriental: die drei Subzonen der DOCa Rioja\",\"isPartOf\":{\"@id\":\"https:\/\/www.vinoalma.de\/blog\/#website\"},\"datePublished\":\"2022-02-11T11:46:21+00:00\",\"dateModified\":\"2022-12-12T06:45:18+00:00\",\"author\":{\"@id\":\"https:\/\/www.vinoalma.de\/blog\/#\/schema\/person\/6f3c021d497ee8aa6afa972003456398\"},\"description\":\"Rioja Alavesa, Alta und Oriental hei\u00dfen die drei Subzonen der ber\u00fchmten DOCa Rioja. Wir gehen auf ihre Gemeinsamkeiten und Unterschiede ein.\",\"breadcrumb\":{\"@id\":\"https:\/\/www.vinoalma.de\/blog\/2022\/02\/11\/rioja-alavesa-alta-und-oriental\/#breadcrumb\"},\"inLanguage\":\"de-DE\",\"potentialAction\":[{\"@type\":\"ReadAction\",\"target\":[\"https:\/\/www.vinoalma.de\/blog\/2022\/02\/11\/rioja-alavesa-alta-und-oriental\/\"]}]},{\"@type\":\"BreadcrumbList\",\"@id\":\"https:\/\/www.vinoalma.de\/blog\/2022\/02\/11\/rioja-alavesa-alta-und-oriental\/#breadcrumb\",\"itemListElement\":[{\"@type\":\"ListItem\",\"position\":1,\"name\":\"Home\",\"item\":\"https:\/\/www.vinoalma.de\/blog\/\"},{\"@type\":\"ListItem\",\"position\":2,\"name\":\"Kategorien\",\"item\":\"https:\/\/www.vinoalma.de\/blog\/category\/kategorien\/\"},{\"@type\":\"ListItem\",\"position\":3,\"name\":\"Weingebiete\",\"item\":\"https:\/\/www.vinoalma.de\/blog\/category\/kategorien\/weingebiete\/\"},{\"@type\":\"ListItem\",\"position\":4,\"name\":\"Die drei Subzonen der DOCa Rioja\"}]},{\"@type\":\"WebSite\",\"@id\":\"https:\/\/www.vinoalma.de\/blog\/#website\",\"url\":\"https:\/\/www.vinoalma.de\/blog\/\",\"name\":\"Vino&amp;Alma Weinmagazin\",\"description\":\"Willkommen beim Weinmagazin von Vino&amp;Alma. Hier finden Sie Informationen \u00fcber spanischen Weine, Weing\u00fcter und Anbaugebiete sowie generell Wissenswertes zum Thema Wein &amp; Kulinarik. \",\"potentialAction\":[{\"@type\":\"SearchAction\",\"target\":{\"@type\":\"EntryPoint\",\"urlTemplate\":\"https:\/\/www.vinoalma.de\/blog\/?s={search_term_string}\"},\"query-input\":\"required name=search_term_string\"}],\"inLanguage\":\"de-DE\"},{\"@type\":\"Person\",\"@id\":\"https:\/\/www.vinoalma.de\/blog\/#\/schema\/person\/6f3c021d497ee8aa6afa972003456398\",\"name\":\"Thomas G\u00f6tz\",\"image\":{\"@type\":\"ImageObject\",\"inLanguage\":\"de-DE\",\"@id\":\"https:\/\/www.vinoalma.de\/blog\/#\/schema\/person\/image\/\",\"url\":\"https:\/\/secure.gravatar.com\/avatar\/2921262b95c583980c07bb351d550484?s=96&d=mm&r=g\",\"contentUrl\":\"https:\/\/secure.gravatar.com\/avatar\/2921262b95c583980c07bb351d550484?s=96&d=mm&r=g\",\"caption\":\"Thomas G\u00f6tz\"},\"url\":\"https:\/\/www.vinoalma.de\/blog\/author\/thomas\/\"}]}<\/script>\n<!-- \/ Yoast SEO plugin. -->","yoast_head_json":{"title":"Rioja Alavesa, Alta und Oriental: die drei Subzonen der DOCa Rioja","description":"Rioja Alavesa, Alta und Oriental hei\u00dfen die drei Subzonen der ber\u00fchmten DOCa Rioja. Wir gehen auf ihre Gemeinsamkeiten und Unterschiede ein.","robots":{"index":"index","follow":"follow","max-snippet":"max-snippet:-1","max-image-preview":"max-image-preview:large","max-video-preview":"max-video-preview:-1"},"canonical":"https:\/\/www.vinoalma.de\/blog\/2022\/02\/11\/rioja-alavesa-alta-und-oriental\/","og_locale":"de_DE","og_type":"article","og_title":"Rioja Alavesa, Alta und Oriental: die drei Subzonen der DOCa Rioja","og_description":"Rioja Alavesa, Alta und Oriental hei\u00dfen die drei Subzonen der ber\u00fchmten DOCa Rioja. Wir gehen auf ihre Gemeinsamkeiten und Unterschiede ein.","og_url":"https:\/\/www.vinoalma.de\/blog\/2022\/02\/11\/rioja-alavesa-alta-und-oriental\/","og_site_name":"Vino&amp;Alma Weinmagazin","article_published_time":"2022-02-11T11:46:21+00:00","article_modified_time":"2022-12-12T06:45:18+00:00","og_image":[{"width":750,"height":563,"url":"https:\/\/www.vinoalma.de\/blog\/wp-content\/uploads\/2022\/02\/62B30370-D730-4A11-BBCA-4A3081E7356F.jpeg","type":"image\/jpeg"}],"author":"Thomas G\u00f6tz","twitter_card":"summary_large_image","twitter_misc":{"Verfasst von":"Thomas G\u00f6tz","Gesch\u00e4tzte Lesezeit":"6 Minuten"},"schema":{"@context":"https:\/\/schema.org","@graph":[{"@type":"WebPage","@id":"https:\/\/www.vinoalma.de\/blog\/2022\/02\/11\/rioja-alavesa-alta-und-oriental\/","url":"https:\/\/www.vinoalma.de\/blog\/2022\/02\/11\/rioja-alavesa-alta-und-oriental\/","name":"Rioja Alavesa, Alta und Oriental: die drei Subzonen der DOCa Rioja","isPartOf":{"@id":"https:\/\/www.vinoalma.de\/blog\/#website"},"datePublished":"2022-02-11T11:46:21+00:00","dateModified":"2022-12-12T06:45:18+00:00","author":{"@id":"https:\/\/www.vinoalma.de\/blog\/#\/schema\/person\/6f3c021d497ee8aa6afa972003456398"},"description":"Rioja Alavesa, Alta und Oriental hei\u00dfen die drei Subzonen der ber\u00fchmten DOCa Rioja. Wir gehen auf ihre Gemeinsamkeiten und Unterschiede ein.","breadcrumb":{"@id":"https:\/\/www.vinoalma.de\/blog\/2022\/02\/11\/rioja-alavesa-alta-und-oriental\/#breadcrumb"},"inLanguage":"de-DE","potentialAction":[{"@type":"ReadAction","target":["https:\/\/www.vinoalma.de\/blog\/2022\/02\/11\/rioja-alavesa-alta-und-oriental\/"]}]},{"@type":"BreadcrumbList","@id":"https:\/\/www.vinoalma.de\/blog\/2022\/02\/11\/rioja-alavesa-alta-und-oriental\/#breadcrumb","itemListElement":[{"@type":"ListItem","position":1,"name":"Home","item":"https:\/\/www.vinoalma.de\/blog\/"},{"@type":"ListItem","position":2,"name":"Kategorien","item":"https:\/\/www.vinoalma.de\/blog\/category\/kategorien\/"},{"@type":"ListItem","position":3,"name":"Weingebiete","item":"https:\/\/www.vinoalma.de\/blog\/category\/kategorien\/weingebiete\/"},{"@type":"ListItem","position":4,"name":"Die drei Subzonen der DOCa Rioja"}]},{"@type":"WebSite","@id":"https:\/\/www.vinoalma.de\/blog\/#website","url":"https:\/\/www.vinoalma.de\/blog\/","name":"Vino&amp;Alma Weinmagazin","description":"Willkommen beim Weinmagazin von Vino&amp;Alma. Hier finden Sie Informationen \u00fcber spanischen Weine, Weing\u00fcter und Anbaugebiete sowie generell Wissenswertes zum Thema Wein &amp; Kulinarik. ","potentialAction":[{"@type":"SearchAction","target":{"@type":"EntryPoint","urlTemplate":"https:\/\/www.vinoalma.de\/blog\/?s={search_term_string}"},"query-input":"required name=search_term_string"}],"inLanguage":"de-DE"},{"@type":"Person","@id":"https:\/\/www.vinoalma.de\/blog\/#\/schema\/person\/6f3c021d497ee8aa6afa972003456398","name":"Thomas G\u00f6tz","image":{"@type":"ImageObject","inLanguage":"de-DE","@id":"https:\/\/www.vinoalma.de\/blog\/#\/schema\/person\/image\/","url":"https:\/\/secure.gravatar.com\/avatar\/2921262b95c583980c07bb351d550484?s=96&d=mm&r=g","contentUrl":"https:\/\/secure.gravatar.com\/avatar\/2921262b95c583980c07bb351d550484?s=96&d=mm&r=g","caption":"Thomas G\u00f6tz"},"url":"https:\/\/www.vinoalma.de\/blog\/author\/thomas\/"}]}},"_links":{"self":[{"href":"https:\/\/www.vinoalma.de\/blog\/wp-json\/wp\/v2\/posts\/4583"}],"collection":[{"href":"https:\/\/www.vinoalma.de\/blog\/wp-json\/wp\/v2\/posts"}],"about":[{"href":"https:\/\/www.vinoalma.de\/blog\/wp-json\/wp\/v2\/types\/post"}],"author":[{"embeddable":true,"href":"https:\/\/www.vinoalma.de\/blog\/wp-json\/wp\/v2\/users\/5"}],"replies":[{"embeddable":true,"href":"https:\/\/www.vinoalma.de\/blog\/wp-json\/wp\/v2\/comments?post=4583"}],"version-history":[{"count":53,"href":"https:\/\/www.vinoalma.de\/blog\/wp-json\/wp\/v2\/posts\/4583\/revisions"}],"predecessor-version":[{"id":5286,"href":"https:\/\/www.vinoalma.de\/blog\/wp-json\/wp\/v2\/posts\/4583\/revisions\/5286"}],"wp:featuredmedia":[{"embeddable":true,"href":"https:\/\/www.vinoalma.de\/blog\/wp-json\/wp\/v2\/media\/4595"}],"wp:attachment":[{"href":"https:\/\/www.vinoalma.de\/blog\/wp-json\/wp\/v2\/media?parent=4583"}],"wp:term":[{"taxonomy":"category","embeddable":true,"href":"https:\/\/www.vinoalma.de\/blog\/wp-json\/wp\/v2\/categories?post=4583"},{"taxonomy":"post_tag","embeddable":true,"href":"https:\/\/www.vinoalma.de\/blog\/wp-json\/wp\/v2\/tags?post=4583"}],"curies":[{"name":"wp","href":"https:\/\/api.w.org\/{rel}","templated":true}]}}