{"id":4441,"date":"2022-01-17T08:39:00","date_gmt":"2022-01-17T07:39:00","guid":{"rendered":"https:\/\/www.vinoalma.de\/blog\/?p=4441"},"modified":"2022-12-12T08:06:31","modified_gmt":"2022-12-12T07:06:31","slug":"bierzo-und-mencia-atlantische-rotweine-mit-eleganz","status":"publish","type":"post","link":"https:\/\/www.vinoalma.de\/blog\/2022\/01\/17\/bierzo-und-mencia-atlantische-rotweine-mit-eleganz\/","title":{"rendered":"Bierzo und Menc\u00eda &#8211; atlantische Rotweine mit Eleganz"},"content":{"rendered":"\n<p>Rotweine aus den atlantischen Regionen Spaniens erfahren seit einigen Jahren gro\u00dfe Aufmerksamkeit und Popularit\u00e4t bei Weinkritik und Konsumenten. Vor allem trifft diese Feststellung auf die Weine aus der Rebsorte Menc\u00eda zu. Die Hauptgebiete der roten Traube sind die DO Ribeira Sacra in Galicien und die DO Bierzo in der kastilisch-leonesischen Provinz Le\u00f3n.<\/p>\n\n\n\n<p>Insbesondere das Bierzo hat sich dank Weinpionieren wie Ra\u00fal P\u00e9rez und Alvaro Palacios (Descendientes de J. Palacios) einen internationalen Ruf erworben. Die DO-Region z\u00e4hlt mit 2.400 Hektar zu den kleineren Anbaugebieten in Spanien. Zum Beispiel entspricht ihre Rebfl\u00e4che nur 3,7 Prozent zu jener der DOCa Rioja. Mit 76 Prozent im Anbau ist die Menc\u00eda die wichtigste Rebsorte im Bierzo. \u00dcber 80 Prozent der Reben sind \u00e4lter als vierzig Jahre. In kaum einem anderen europ\u00e4ischen Weingebiet ist die Dichte an <a href=\"https:\/\/www.vinoalma.de\/blog\/2020\/05\/07\/alte-reben-spanischer-wein\/\">alten Reben<\/a> so hoch.&nbsp;<\/p>\n\n\n\n<p>Durch die N\u00e4he zum Atlantik, die Luftlinie betr\u00e4gt etwa 100 Kilometer, erf\u00e4hrt das Bierzo ein relativ hohes Regenaufkommen. Zugleich ist die Region von Bergen umgeben, die einen Teil der vom Atlantik hereinziehenden Wolken blockieren. Somit betr\u00e4gt der j\u00e4hrliche Niederschlag 700 bis 800 mm. Dar\u00fcber hinaus ist das Gebiet h\u00f6her gelegen, auf 400 bis 900 Metern, so dass ebenfalls ein kontinentaler Einfluss herrscht, der sich in kalten Wintern und generell k\u00fchlen N\u00e4chten ausdr\u00fcckt. Allgemein l\u00e4sst sich sagen, dass das Bierzo ein Zwischenort darstellt: Es erf\u00e4hrt ausreichend Regen, aber nicht so viel wie am Atlantik. Dazu kommen ausreichend Sonne und W\u00e4rme (2000 Sonnenstunden im Jahr), aber es ist auch nicht so extrem hei\u00df wie in Zentralspanien.&nbsp;<\/p>\n\n\n<div class=\"wp-block-image\">\n<figure class=\"aligncenter size-full\"><img decoding=\"async\" loading=\"lazy\" width=\"600\" height=\"338\" src=\"https:\/\/www.vinoalma.de\/blog\/wp-content\/uploads\/2022\/01\/Bierzo-600x400_2.jpg\" alt=\"\" class=\"wp-image-4464\" srcset=\"https:\/\/www.vinoalma.de\/blog\/wp-content\/uploads\/2022\/01\/Bierzo-600x400_2.jpg 600w, https:\/\/www.vinoalma.de\/blog\/wp-content\/uploads\/2022\/01\/Bierzo-600x400_2-300x169.jpg 300w\" sizes=\"(max-width: 600px) 100vw, 600px\" \/><figcaption class=\"wp-element-caption\">Weinberg im Bierzo, lehmige B\u00f6den sind im Gebiet die Regel (\u00a9&nbsp;Bodegas Peique)<\/figcaption><\/figure><\/div>\n\n\n<p>Dieses atlantisch-kontinentale Zwischenklima bietet hervorragende Bedingungen f\u00fcr den Weinbau und insbesondere kommt es den Eigenschaften der Rebsorte Menc\u00eda entgegen. Im Bierzo ergibt die Traube ausgezeichnete Qualit\u00e4ten und zeitgem\u00e4\u00dfe Rotweine. Ein Markenkern vieler M\u00e9ncia-Weine sind Eleganz und Balance. Die Gew\u00e4chse sind schlank, frisch und saftig, dazu rotfruchtig und gut strukturiert (ohne dabei mit Tannin aufgeladen zu sein). <\/p>\n\n\n\n<p>F\u00fcr die hier beschriebene Stilistik steht das Familienweingut Peique par excellence. Ihre Rotweine aus der Menc\u00eda-Traube stehen beispielhaft f\u00fcr das Potenzial von Region und Rebsorte. Unsere Weinempfehlungen lauten:<\/p>\n\n\n<div class=\"row ppgbo_row ppgbo_product_1\">\n    \n    <div class=\"product col-12\">\n        <a class=\"product_link\" target=\"_blank\" href=\"https:\/\/www.vinoalma.de\/index.php?controller=product&#038;id_product=301?controller=product&#038;id_product=301\">Peique Mencia (2021)<\/a><img class=\"product_image\" src=\"https:\/\/vinoalma.de\/901-medium_default\/1.jpg\"  alt=\"Peique Mencia (2021)\" width=\"250\" height=\"250\" \/><h4 class=\"product_name\">Peique Mencia (2021)<\/h4><div class=\"product_description_short\">\n\nF\u00fcr Freunde der nicht allzu schweren Rotweine!\n\n\n\n\n\nWeinregion: D.O. [...]<\/div><span class=\"product_price\">8.50\u20ac<\/span>    <\/div>\n    \n    <\/div>\n<div class=\"clear\"><\/div>\n\n\n<div class=\"row ppgbo_row ppgbo_product_1\">\n    \n    <div class=\"product col-12\">\n        <a class=\"product_link\" target=\"_blank\" href=\"https:\/\/www.vinoalma.de\/index.php?controller=product&#038;id_product=302?controller=product&#038;id_product=302\">Peique Ram\u00f3n Valle (2020)<\/a><img class=\"product_image\" src=\"https:\/\/vinoalma.de\/900-medium_default\/1.jpg\"  alt=\"Peique Ram\u00f3n Valle (2020)\" width=\"250\" height=\"250\" \/><h4 class=\"product_name\">Peique Ram\u00f3n Valle (2020)<\/h4><div class=\"product_description_short\">\n\nF\u00fcr Freunde der nicht allzu schweren Rotweine!\n\n\n\n\n\nWeinregion: D.O. [...]<\/div><span class=\"product_price\">12.90\u20ac<\/span>    <\/div>\n    \n    <\/div>\n<div class=\"clear\"><\/div>\n\n\n\n<h4 class=\"wp-block-heading\">Infos zur Menc\u00eda<\/h4>\n\n\n\n<p>Die Menc\u00eda wird in Spanien auf insgesamt 8.300 Hektar kultiviert, dabei fast ausschlie\u00dflich in Galicien und der angrenzenden Provinz Le\u00f3n. Die Urspr\u00fcnge der Rebsorte liegen vermutlich in diesen Gebieten des spanischen Nordwestens. Ebenfalls ist die Menc\u00eda in Portugal zu finden. Dort wird sie Ja\u00e9n genannt.<\/p>\n\n\n\n<p>Im Anbau eignet sich die Menc\u00eda besonders gut f\u00fcr das zuvor beschriebene atlantisch-kontinentale Zwischenklima in den genannten Regionen. Extreme Hitze mag die Traube nicht. Allerdings ben\u00f6tigt sie warme und trockene Sp\u00e4tsommer, um vollst\u00e4ndig ausreifen zu k\u00f6nnen. Diese Bedingungen findet sie im Landesinnern von Galicien und in der Provinz Le\u00f3n vor. Zugleich k\u00e4me die Sorte kaum mit dem extremen Regenwetter an der Atlantikk\u00fcste zurecht.<\/p>\n\n\n\n<p>Im Geschmacksbild dominieren rotfruchtige und florale Aromen. Dar\u00fcber hinaus zeichnet viele Weine eine weiche Saftigkeit und ein schlanker bis mittlerer K\u00f6rper aus.<\/p>\n\n\n<div class=\"wp-block-image\">\n<figure class=\"aligncenter size-full\"><img decoding=\"async\" loading=\"lazy\" width=\"600\" height=\"400\" src=\"https:\/\/www.vinoalma.de\/blog\/wp-content\/uploads\/2022\/01\/Mencia-600x400-1.jpg\" alt=\"\" class=\"wp-image-4462\" srcset=\"https:\/\/www.vinoalma.de\/blog\/wp-content\/uploads\/2022\/01\/Mencia-600x400-1.jpg 600w, https:\/\/www.vinoalma.de\/blog\/wp-content\/uploads\/2022\/01\/Mencia-600x400-1-300x200.jpg 300w\" sizes=\"(max-width: 600px) 100vw, 600px\" \/><figcaption class=\"wp-element-caption\">Die Menc\u00eda, zu 76 % im Anbau im Bierzo <meta charset=\"utf-8\">(\u00a9&nbsp;Bodegas Peique)<\/figcaption><\/figure><\/div>","protected":false},"excerpt":{"rendered":"<p>Rotweine aus den atlantischen Regionen Spaniens erfahren seit einigen Jahren gro\u00dfe Aufmerksamkeit und Popularit\u00e4t bei Weinkritik und Konsumenten. Vor allem trifft diese Feststellung auf die Weine aus der Rebsorte Menc\u00eda zu. Die Hauptgebiete der roten Traube sind die DO Ribeira Sacra in Galicien und die DO Bierzo in der kastilisch-leonesischen Provinz Le\u00f3n. Insbesondere das Bierzo &hellip; <a href=\"https:\/\/www.vinoalma.de\/blog\/2022\/01\/17\/bierzo-und-mencia-atlantische-rotweine-mit-eleganz\/\" class=\"more-link\">Continue reading <span class=\"screen-reader-text\">Bierzo und Menc\u00eda &#8211; atlantische Rotweine mit Eleganz<\/span><\/a><\/p>\n","protected":false},"author":5,"featured_media":4461,"comment_status":"closed","ping_status":"closed","sticky":false,"template":"","format":"standard","meta":{"_mi_skip_tracking":false},"categories":[88,87],"tags":[],"yoast_head":"<!-- This site is optimized with the Yoast SEO plugin v20.6 - https:\/\/yoast.com\/wordpress\/plugins\/seo\/ -->\n<title>Bierzo und Menc\u00eda - atlantische Rotweine mit Eleganz<\/title>\n<meta name=\"description\" content=\"Das Anbaugebiet Bierzo und die Rebsorte Menc\u00eda geh\u00f6ren im Weinland Spanien zu den Aufsteigern der letzten zehn Jahre.\" \/>\n<meta name=\"robots\" content=\"index, follow, max-snippet:-1, max-image-preview:large, max-video-preview:-1\" \/>\n<link rel=\"canonical\" href=\"https:\/\/www.vinoalma.de\/blog\/2022\/01\/17\/bierzo-und-mencia-atlantische-rotweine-mit-eleganz\/\" \/>\n<meta property=\"og:locale\" content=\"de_DE\" \/>\n<meta property=\"og:type\" content=\"article\" \/>\n<meta property=\"og:title\" content=\"Bierzo und Menc\u00eda - atlantische Rotweine mit Eleganz\" \/>\n<meta property=\"og:description\" content=\"Das Anbaugebiet Bierzo und die Rebsorte Menc\u00eda geh\u00f6ren im Weinland Spanien zu den Aufsteigern der letzten zehn Jahre.\" \/>\n<meta property=\"og:url\" content=\"https:\/\/www.vinoalma.de\/blog\/2022\/01\/17\/bierzo-und-mencia-atlantische-rotweine-mit-eleganz\/\" \/>\n<meta property=\"og:site_name\" content=\"Vino&amp;Alma Weinmagazin\" \/>\n<meta property=\"article:published_time\" content=\"2022-01-17T07:39:00+00:00\" \/>\n<meta property=\"article:modified_time\" content=\"2022-12-12T07:06:31+00:00\" \/>\n<meta property=\"og:image\" content=\"https:\/\/www.vinoalma.de\/blog\/wp-content\/uploads\/2022\/01\/peique39-1024x576-1.jpg\" \/>\n\t<meta property=\"og:image:width\" content=\"1024\" \/>\n\t<meta property=\"og:image:height\" content=\"576\" \/>\n\t<meta property=\"og:image:type\" content=\"image\/jpeg\" \/>\n<meta name=\"author\" content=\"Thomas G\u00f6tz\" \/>\n<meta name=\"twitter:card\" content=\"summary_large_image\" \/>\n<meta name=\"twitter:label1\" content=\"Verfasst von\" \/>\n\t<meta name=\"twitter:data1\" content=\"Thomas G\u00f6tz\" \/>\n\t<meta name=\"twitter:label2\" content=\"Gesch\u00e4tzte Lesezeit\" \/>\n\t<meta name=\"twitter:data2\" content=\"4 Minuten\" \/>\n<script type=\"application\/ld+json\" class=\"yoast-schema-graph\">{\"@context\":\"https:\/\/schema.org\",\"@graph\":[{\"@type\":\"WebPage\",\"@id\":\"https:\/\/www.vinoalma.de\/blog\/2022\/01\/17\/bierzo-und-mencia-atlantische-rotweine-mit-eleganz\/\",\"url\":\"https:\/\/www.vinoalma.de\/blog\/2022\/01\/17\/bierzo-und-mencia-atlantische-rotweine-mit-eleganz\/\",\"name\":\"Bierzo und Menc\u00eda - atlantische Rotweine mit Eleganz\",\"isPartOf\":{\"@id\":\"https:\/\/www.vinoalma.de\/blog\/#website\"},\"datePublished\":\"2022-01-17T07:39:00+00:00\",\"dateModified\":\"2022-12-12T07:06:31+00:00\",\"author\":{\"@id\":\"https:\/\/www.vinoalma.de\/blog\/#\/schema\/person\/6f3c021d497ee8aa6afa972003456398\"},\"description\":\"Das Anbaugebiet Bierzo und die Rebsorte Menc\u00eda geh\u00f6ren im Weinland Spanien zu den Aufsteigern der letzten zehn Jahre.\",\"breadcrumb\":{\"@id\":\"https:\/\/www.vinoalma.de\/blog\/2022\/01\/17\/bierzo-und-mencia-atlantische-rotweine-mit-eleganz\/#breadcrumb\"},\"inLanguage\":\"de-DE\",\"potentialAction\":[{\"@type\":\"ReadAction\",\"target\":[\"https:\/\/www.vinoalma.de\/blog\/2022\/01\/17\/bierzo-und-mencia-atlantische-rotweine-mit-eleganz\/\"]}]},{\"@type\":\"BreadcrumbList\",\"@id\":\"https:\/\/www.vinoalma.de\/blog\/2022\/01\/17\/bierzo-und-mencia-atlantische-rotweine-mit-eleganz\/#breadcrumb\",\"itemListElement\":[{\"@type\":\"ListItem\",\"position\":1,\"name\":\"Home\",\"item\":\"https:\/\/www.vinoalma.de\/blog\/\"},{\"@type\":\"ListItem\",\"position\":2,\"name\":\"Kategorien\",\"item\":\"https:\/\/www.vinoalma.de\/blog\/category\/kategorien\/\"},{\"@type\":\"ListItem\",\"position\":3,\"name\":\"Rebsorten\",\"item\":\"https:\/\/www.vinoalma.de\/blog\/category\/kategorien\/rebsorten\/\"},{\"@type\":\"ListItem\",\"position\":4,\"name\":\"Bierzo und Menc\u00eda &#8211; atlantische Rotweine mit Eleganz\"}]},{\"@type\":\"WebSite\",\"@id\":\"https:\/\/www.vinoalma.de\/blog\/#website\",\"url\":\"https:\/\/www.vinoalma.de\/blog\/\",\"name\":\"Vino&amp;Alma Weinmagazin\",\"description\":\"Willkommen beim Weinmagazin von Vino&amp;Alma. Hier finden Sie Informationen \u00fcber spanischen Weine, Weing\u00fcter und Anbaugebiete sowie generell Wissenswertes zum Thema Wein &amp; Kulinarik. \",\"potentialAction\":[{\"@type\":\"SearchAction\",\"target\":{\"@type\":\"EntryPoint\",\"urlTemplate\":\"https:\/\/www.vinoalma.de\/blog\/?s={search_term_string}\"},\"query-input\":\"required name=search_term_string\"}],\"inLanguage\":\"de-DE\"},{\"@type\":\"Person\",\"@id\":\"https:\/\/www.vinoalma.de\/blog\/#\/schema\/person\/6f3c021d497ee8aa6afa972003456398\",\"name\":\"Thomas G\u00f6tz\",\"image\":{\"@type\":\"ImageObject\",\"inLanguage\":\"de-DE\",\"@id\":\"https:\/\/www.vinoalma.de\/blog\/#\/schema\/person\/image\/\",\"url\":\"https:\/\/secure.gravatar.com\/avatar\/2921262b95c583980c07bb351d550484?s=96&d=mm&r=g\",\"contentUrl\":\"https:\/\/secure.gravatar.com\/avatar\/2921262b95c583980c07bb351d550484?s=96&d=mm&r=g\",\"caption\":\"Thomas G\u00f6tz\"},\"url\":\"https:\/\/www.vinoalma.de\/blog\/author\/thomas\/\"}]}<\/script>\n<!-- \/ Yoast SEO plugin. -->","yoast_head_json":{"title":"Bierzo und Menc\u00eda - atlantische Rotweine mit Eleganz","description":"Das Anbaugebiet Bierzo und die Rebsorte Menc\u00eda geh\u00f6ren im Weinland Spanien zu den Aufsteigern der letzten zehn Jahre.","robots":{"index":"index","follow":"follow","max-snippet":"max-snippet:-1","max-image-preview":"max-image-preview:large","max-video-preview":"max-video-preview:-1"},"canonical":"https:\/\/www.vinoalma.de\/blog\/2022\/01\/17\/bierzo-und-mencia-atlantische-rotweine-mit-eleganz\/","og_locale":"de_DE","og_type":"article","og_title":"Bierzo und Menc\u00eda - atlantische Rotweine mit Eleganz","og_description":"Das Anbaugebiet Bierzo und die Rebsorte Menc\u00eda geh\u00f6ren im Weinland Spanien zu den Aufsteigern der letzten zehn Jahre.","og_url":"https:\/\/www.vinoalma.de\/blog\/2022\/01\/17\/bierzo-und-mencia-atlantische-rotweine-mit-eleganz\/","og_site_name":"Vino&amp;Alma Weinmagazin","article_published_time":"2022-01-17T07:39:00+00:00","article_modified_time":"2022-12-12T07:06:31+00:00","og_image":[{"width":1024,"height":576,"url":"https:\/\/www.vinoalma.de\/blog\/wp-content\/uploads\/2022\/01\/peique39-1024x576-1.jpg","type":"image\/jpeg"}],"author":"Thomas G\u00f6tz","twitter_card":"summary_large_image","twitter_misc":{"Verfasst von":"Thomas G\u00f6tz","Gesch\u00e4tzte Lesezeit":"4 Minuten"},"schema":{"@context":"https:\/\/schema.org","@graph":[{"@type":"WebPage","@id":"https:\/\/www.vinoalma.de\/blog\/2022\/01\/17\/bierzo-und-mencia-atlantische-rotweine-mit-eleganz\/","url":"https:\/\/www.vinoalma.de\/blog\/2022\/01\/17\/bierzo-und-mencia-atlantische-rotweine-mit-eleganz\/","name":"Bierzo und Menc\u00eda - atlantische Rotweine mit Eleganz","isPartOf":{"@id":"https:\/\/www.vinoalma.de\/blog\/#website"},"datePublished":"2022-01-17T07:39:00+00:00","dateModified":"2022-12-12T07:06:31+00:00","author":{"@id":"https:\/\/www.vinoalma.de\/blog\/#\/schema\/person\/6f3c021d497ee8aa6afa972003456398"},"description":"Das Anbaugebiet Bierzo und die Rebsorte Menc\u00eda geh\u00f6ren im Weinland Spanien zu den Aufsteigern der letzten zehn Jahre.","breadcrumb":{"@id":"https:\/\/www.vinoalma.de\/blog\/2022\/01\/17\/bierzo-und-mencia-atlantische-rotweine-mit-eleganz\/#breadcrumb"},"inLanguage":"de-DE","potentialAction":[{"@type":"ReadAction","target":["https:\/\/www.vinoalma.de\/blog\/2022\/01\/17\/bierzo-und-mencia-atlantische-rotweine-mit-eleganz\/"]}]},{"@type":"BreadcrumbList","@id":"https:\/\/www.vinoalma.de\/blog\/2022\/01\/17\/bierzo-und-mencia-atlantische-rotweine-mit-eleganz\/#breadcrumb","itemListElement":[{"@type":"ListItem","position":1,"name":"Home","item":"https:\/\/www.vinoalma.de\/blog\/"},{"@type":"ListItem","position":2,"name":"Kategorien","item":"https:\/\/www.vinoalma.de\/blog\/category\/kategorien\/"},{"@type":"ListItem","position":3,"name":"Rebsorten","item":"https:\/\/www.vinoalma.de\/blog\/category\/kategorien\/rebsorten\/"},{"@type":"ListItem","position":4,"name":"Bierzo und Menc\u00eda &#8211; atlantische Rotweine mit Eleganz"}]},{"@type":"WebSite","@id":"https:\/\/www.vinoalma.de\/blog\/#website","url":"https:\/\/www.vinoalma.de\/blog\/","name":"Vino&amp;Alma Weinmagazin","description":"Willkommen beim Weinmagazin von Vino&amp;Alma. Hier finden Sie Informationen \u00fcber spanischen Weine, Weing\u00fcter und Anbaugebiete sowie generell Wissenswertes zum Thema Wein &amp; Kulinarik. ","potentialAction":[{"@type":"SearchAction","target":{"@type":"EntryPoint","urlTemplate":"https:\/\/www.vinoalma.de\/blog\/?s={search_term_string}"},"query-input":"required name=search_term_string"}],"inLanguage":"de-DE"},{"@type":"Person","@id":"https:\/\/www.vinoalma.de\/blog\/#\/schema\/person\/6f3c021d497ee8aa6afa972003456398","name":"Thomas G\u00f6tz","image":{"@type":"ImageObject","inLanguage":"de-DE","@id":"https:\/\/www.vinoalma.de\/blog\/#\/schema\/person\/image\/","url":"https:\/\/secure.gravatar.com\/avatar\/2921262b95c583980c07bb351d550484?s=96&d=mm&r=g","contentUrl":"https:\/\/secure.gravatar.com\/avatar\/2921262b95c583980c07bb351d550484?s=96&d=mm&r=g","caption":"Thomas G\u00f6tz"},"url":"https:\/\/www.vinoalma.de\/blog\/author\/thomas\/"}]}},"_links":{"self":[{"href":"https:\/\/www.vinoalma.de\/blog\/wp-json\/wp\/v2\/posts\/4441"}],"collection":[{"href":"https:\/\/www.vinoalma.de\/blog\/wp-json\/wp\/v2\/posts"}],"about":[{"href":"https:\/\/www.vinoalma.de\/blog\/wp-json\/wp\/v2\/types\/post"}],"author":[{"embeddable":true,"href":"https:\/\/www.vinoalma.de\/blog\/wp-json\/wp\/v2\/users\/5"}],"replies":[{"embeddable":true,"href":"https:\/\/www.vinoalma.de\/blog\/wp-json\/wp\/v2\/comments?post=4441"}],"version-history":[{"count":28,"href":"https:\/\/www.vinoalma.de\/blog\/wp-json\/wp\/v2\/posts\/4441\/revisions"}],"predecessor-version":[{"id":5292,"href":"https:\/\/www.vinoalma.de\/blog\/wp-json\/wp\/v2\/posts\/4441\/revisions\/5292"}],"wp:featuredmedia":[{"embeddable":true,"href":"https:\/\/www.vinoalma.de\/blog\/wp-json\/wp\/v2\/media\/4461"}],"wp:attachment":[{"href":"https:\/\/www.vinoalma.de\/blog\/wp-json\/wp\/v2\/media?parent=4441"}],"wp:term":[{"taxonomy":"category","embeddable":true,"href":"https:\/\/www.vinoalma.de\/blog\/wp-json\/wp\/v2\/categories?post=4441"},{"taxonomy":"post_tag","embeddable":true,"href":"https:\/\/www.vinoalma.de\/blog\/wp-json\/wp\/v2\/tags?post=4441"}],"curies":[{"name":"wp","href":"https:\/\/api.w.org\/{rel}","templated":true}]}}