{"id":4354,"date":"2021-12-28T06:24:00","date_gmt":"2021-12-28T05:24:00","guid":{"rendered":"https:\/\/www.vinoalma.de\/blog\/?p=4354"},"modified":"2022-12-12T09:34:09","modified_gmt":"2022-12-12T08:34:09","slug":"der-jahrgang-beim-wein","status":"publish","type":"post","link":"https:\/\/www.vinoalma.de\/blog\/2021\/12\/28\/der-jahrgang-beim-wein\/","title":{"rendered":"Der Jahrgang beim Wein"},"content":{"rendered":"\n<p>Was versteht man eigentlich unter dem Jahrgang eines Weins, und warum ist es f\u00fcr viele Weinliebhaber von Bedeutung, welchen Jahrgang sie trinken? Dies ist doch ein passendes Thema, um das Jahr 2021 abzuschlie\u00dfen. F\u00fcr 2022 w\u00fcnscht euch das Vino&amp;Alma Team schon einmal alles Gute und viel Gl\u00fcck! Und nun rasch zum Jahrgang, bevor das Jahr zu Ende ist.<\/p>\n\n\n\n<h3 class=\"wp-block-heading\">Was bedeutet Jahrgang?<\/h3>\n\n\n\n<p>Man kann es kurz und knapp sagen: Mit Jahrgang ist in der Weinsprache das Jahr der Weinbl\u00fcte und Weinernte gemeint und nicht etwa das Abf\u00fclldatum eines Weins (welches durchaus einige Jahre nach der Weinernte liegen kann). In europ\u00e4ischen L\u00e4ndern beginnt die Vegetationsperiode im M\u00e4rz und April, und die Weinernte findet in der Regel im Sp\u00e4tsommer oder Herbst des selben Jahres statt. Und eben dieses Jahr, um es nochmals zu wiederholen, wird sp\u00e4ter auf der Flasche als Jahrgang aufgef\u00fchrt.<\/p>\n\n\n\n<p>Nach europ\u00e4ischem Recht ist es nicht verpflichtend, den Jahrgang eines Weins auf dem Etikett anzugeben. Nahezu alle Erzeuger machen dies jedoch freiwillig, denn viele Konsumenten legen Wert auf diese Angabe. Wer den Jahrgang auff\u00fchrt, muss garantieren, dass mindestens 85% der Trauben des Weins in dem genannten Jahr geerntet wurden. Ein Verschnitt von bis zu 15% mit anderen Jahrg\u00e4ngen ist also m\u00f6glich. <\/p>\n\n\n\n<p><strong>Es gibt vereinzelte Ausnahmen<\/strong>: Sherrys aus Andalusien werden im sogenannten <a href=\"https:\/\/www.vinoalma.de\/blog\/2019\/10\/24\/sherry-wein-jerez-spanien\/\">Solera-System<\/a> ausgebaut und stellen einen Verschnitt vieler Jahrg\u00e4nge dar. Eine Jahrgangsangabe fehlt deshalb bei nahezu allen Sherrys. Auch Champagner ist h\u00e4ufig eine Cuv\u00e9e vieler Jahrg\u00e4nge. Ergo enthalten die meisten Champagner keine Nennung des Jahrgangs. Stattdessen geben manche Erzeuger das Datum des Degorgierens an, also der Zeitpunkt, an dem das Hefedepot entfernt und die Flasche final verkorkt wird. <\/p>\n\n\n\n<p>PS: Auf der s\u00fcdlichen Erdhalbkugel verl\u00e4uft die Vegetationsperiode anders als in Europa. In S\u00fcdafrika geschieht die Weinlese zwischen Februar und April, w\u00e4hrend die Weinbl\u00fcte noch im kalendarischen Vorjahr stattfindet. Hier gilt als Jahrgang das Jahr der Weinlese.  <\/p>\n\n\n\n<h3 class=\"wp-block-heading\">Inwiefern pr\u00e4gt der Jahrgang einen Wein?<\/h3>\n\n\n\n<p>Wein ist heutzutage h\u00e4ufig ein reines Industrieprodukt, das mit der Zugabe von S\u00e4uren, Aromenkonzentraten und zahlreichen weiteren Mittelchen aufgepimpt und standardisiert wird. Unterschiede sollen ausradiert und ein m\u00f6glichst gleichm\u00e4\u00dfiges Produkt geschaffen werden. <\/p>\n\n\n\n<p>Bei Erzeugern, die auf handwerklich gemachte Weine und minimal Intervention (m\u00f6glichst wenige Eingriffe im Keller) setzen, dr\u00fcckt sich der Jahrgang hingegen immer im Wein aus. Denn selbstverst\u00e4ndlich h\u00e4ngen das Wachstum der Rebe und die Entwicklung der Trauben davon ab, wie viele Sonnenstunden und Niederschlagsmengen das jeweilige Jahr bietet, ebenso wie sich der Niederschlag \u00fcbers Jahr verteilt und ob die Temperaturen im Verh\u00e4ltnis zu anderen Jahren k\u00fchl oder warm ausfallen. Ein eher k\u00fchles Jahr ergibt in der Regel Weine mit mehr S\u00e4ure und weniger Alkohol; w\u00e4hrend in einem hei\u00dferen Jahr die Weine tendenziell weniger S\u00e4ure und mehr Alkohol enthalten. <\/p>\n\n\n\n<p>Dar\u00fcber hinaus k\u00f6nnen extreme Hitzewellen im Sommer, Frost im Fr\u00fchjahr oder Herbst sowie Starkregen einen pr\u00e4genden Einfluss auf die Qualit\u00e4t eines Jahrgangs nehmen. Auch die Wetterbedingungen w\u00e4hrend der Weinernte sind elementar wichtig: Im Idealfall findet die Lese bei trockenen, allerdings nicht hei\u00dfen Bedingungen statt. Dies vermindert zum einen die Gefahr eines F\u00e4ulnisbefalls und zum anderen oxidieren die Trauben weniger schnell.  <\/p>\n\n\n\n<h3 class=\"wp-block-heading\">Was macht gute und schlechte Jahrg\u00e4nge aus?<\/h3>\n\n\n\n<p>Aus der Summe und dem Zusammenspiel der oben genannten (und weiterer) Faktoren leitet sich das Wesen eines Jahrgangs ab. In einem s\u00fcdeurop\u00e4ischen Land wie Spanien sind nahezu alle Landesteile von der Sonne verw\u00f6hnt. Eine ausreichende Menge an Niederschlag, die sich gut \u00fcbers Jahr verteilt sowie das Ausbleiben von Hitzewellen stellen Parameter f\u00fcr einen guten Jahrgang dar. In einem solchen Fall reifen die Trauben gleichm\u00e4\u00dfig. Die Balance des Jahrgangs kann zu einer Balance im Wein f\u00fchren.<\/p>\n\n\n\n<p>N\u00f6rdliche Gebiete haben f\u00fcr gew\u00f6hnlich andere Probleme als Hitzewellen und Trockenheit. In Gebieten wie der Champagne oder Mosel sind ein warmer, sonniger Sp\u00e4tsommer und Fr\u00fchherbst wichtig, damit die Trauben ausreifen k\u00f6nnen. Es gibt Jahrg\u00e4nge in diesen Regionen, bei denen die Trauben nicht vollst\u00e4ndig ausreifen (wenngleich durch den Klimawandel diese Jahre immer seltener werden). Generell kann man sagen, dass im mediterranen Raum die Unterschiede zwischen Jahrg\u00e4ngen zwar bestehen, aber nicht ganz so gro\u00df wie in k\u00fchlen Zonen ausfallen. Das hat damit zu tun, dass am Mittelmeer selbst in einem &#8222;k\u00fchlen&#8220; Jahr die Trauben voll ausreifen.<\/p>\n\n\n\n<h3 class=\"wp-block-heading\">Die Bewertung von Jahrg\u00e4ngen<\/h3>\n\n\n\n<p>Die Einstufung eines Jahrgangs ist f\u00fcr Prestigegebiete wie zum Beispiel das Bordeaux von gro\u00dfer Bedeutung. Je nachdem ob der Jahrgang eines Weins als herausragend oder schwach angesehen wird, variieren die Preise dieses Weins enorm. <\/p>\n\n\n\n<p>Die Beurteilung von Jahrg\u00e4ngen obliegt zum einen Weinkritikern. <a href=\"https:\/\/www.vinoalma.de\/blog\/2019\/08\/29\/robert-parker-ruhestand\/\">Robert Parker<\/a> wurde letztlich zum weltweit ber\u00fchmtesten und angesehensten Kritiker, weil er den 1982er im Bordeaux als ganz gro\u00df ansah, w\u00e4hrend alle Kollegen ihn als schwach einstuften.<\/p>\n\n\n\n<p>Zum anderen stufen die Anbaugebiete selbst die Qualit\u00e4t ihrer Jahrg\u00e4nge ein. In Spanien ist es der Kontrollrat eines DO-Gebiets, dem diese Aufgabe zukommt. Meistens existieren Einteilungen in f\u00fcnf Stufen. Sie lauten: Herausragend \/ Sehr gut \/ Gut \/ Normal \/ Mittelm\u00e4\u00dfig.<\/p>\n\n\n\n<p><strong>In Rioja<\/strong> gilt laut Kontrollrat der Jahrgang 2011 als herausragend. Diesbez\u00fcglich lautet unsere Weinempfehlung:<\/p>\n\n\n<div class=\"row ppgbo_row ppgbo_product_1\">\n    \n    <div class=\"product col-12\">\n        <a class=\"product_link\" target=\"_blank\" href=\"https:\/\/www.vinoalma.de\/index.php?controller=product&#038;id_product=222?controller=product&#038;id_product=222\">Muga Prado Enea Gran Reserva<\/a><img class=\"product_image\" src=\"https:\/\/vinoalma.de\/1047-medium_default\/1.jpg\"  alt=\"Muga Prado Enea Gran Reserva\" width=\"250\" height=\"250\" \/><h4 class=\"product_name\">Muga Prado Enea Gran Reserva<\/h4><div class=\"product_description_short\">\n\nEin Wein f\u00fcr die besonderen Momente!\n\n\n\n\n\nWeinregion: D.O.C. Rioja\n\n\n\n\n\nWeingut: [...]<\/div><span class=\"product_price\">69.90\u20ac<\/span>    <\/div>\n    \n    <\/div>\n<div class=\"clear\"><\/div>\n\n\n\n<p><strong>In Ribera del Duero<\/strong> hat der zust\u00e4ndige Kontrollrat das Jahr 2015 als herausragend eingestuft. Auch hierf\u00fcr halten wir einen Weintipp parat:<\/p>\n\n\n<div class=\"row ppgbo_row ppgbo_product_1\">\n    \n    <div class=\"product col-12\">\n        <a class=\"product_link\" target=\"_blank\" href=\"https:\/\/www.vinoalma.de\/index.php?controller=product&#038;id_product=65?controller=product&#038;id_product=65\">Lambuena Crianza (2021)<\/a><img class=\"product_image\" src=\"https:\/\/vinoalma.de\/833-medium_default\/1.jpg\"  alt=\"Lambuena Crianza (2021)\" width=\"250\" height=\"250\" \/><h4 class=\"product_name\">Lambuena Crianza (2021)<\/h4><div class=\"product_description_short\">\n\nEin wunderbar edler Crianza aus dem Herzen der Ribera del Duero!\n\n\n\n\n\nWeinregion: D.O. [...]<\/div><span class=\"product_price\">18.90\u20ac<\/span>    <\/div>\n    \n    <\/div>\n<div class=\"clear\"><\/div>\n","protected":false},"excerpt":{"rendered":"<p>Was versteht man eigentlich unter dem Jahrgang eines Weins, und warum ist es f\u00fcr viele Weinliebhaber von Bedeutung, welchen Jahrgang sie trinken? Dies ist doch ein passendes Thema, um das Jahr 2021 abzuschlie\u00dfen. F\u00fcr 2022 w\u00fcnscht euch das Vino&amp;Alma Team schon einmal alles Gute und viel Gl\u00fcck! Und nun rasch zum Jahrgang, bevor das Jahr &hellip; <a href=\"https:\/\/www.vinoalma.de\/blog\/2021\/12\/28\/der-jahrgang-beim-wein\/\" class=\"more-link\">Continue reading <span class=\"screen-reader-text\">Der Jahrgang beim Wein<\/span><\/a><\/p>\n","protected":false},"author":5,"featured_media":4355,"comment_status":"closed","ping_status":"closed","sticky":false,"template":"","format":"standard","meta":{"_mi_skip_tracking":false},"categories":[1,85],"tags":[],"yoast_head":"<!-- This site is optimized with the Yoast SEO plugin v20.6 - https:\/\/yoast.com\/wordpress\/plugins\/seo\/ -->\n<title>Der Jahrgang beim Wein - Vino&amp;Alma Weinmagazin<\/title>\n<meta name=\"description\" content=\"Der Jahrgang ist einer von vielen Faktoren, die im Wein Ausdruck finden. Er berichtet vom Klima und den Bedingungen eines bestimmten Jahres.\" \/>\n<meta name=\"robots\" content=\"index, follow, max-snippet:-1, max-image-preview:large, max-video-preview:-1\" \/>\n<link rel=\"canonical\" href=\"https:\/\/www.vinoalma.de\/blog\/2021\/12\/28\/der-jahrgang-beim-wein\/\" \/>\n<meta property=\"og:locale\" content=\"de_DE\" \/>\n<meta property=\"og:type\" content=\"article\" \/>\n<meta property=\"og:title\" content=\"Der Jahrgang beim Wein - Vino&amp;Alma Weinmagazin\" \/>\n<meta property=\"og:description\" content=\"Der Jahrgang ist einer von vielen Faktoren, die im Wein Ausdruck finden. Er berichtet vom Klima und den Bedingungen eines bestimmten Jahres.\" \/>\n<meta property=\"og:url\" content=\"https:\/\/www.vinoalma.de\/blog\/2021\/12\/28\/der-jahrgang-beim-wein\/\" \/>\n<meta property=\"og:site_name\" content=\"Vino&amp;Alma Weinmagazin\" \/>\n<meta property=\"article:published_time\" content=\"2021-12-28T05:24:00+00:00\" \/>\n<meta property=\"article:modified_time\" content=\"2022-12-12T08:34:09+00:00\" \/>\n<meta property=\"og:image\" content=\"https:\/\/www.vinoalma.de\/blog\/wp-content\/uploads\/2021\/12\/886DE758-5550-4160-97CE-7275CA1D69FD-Kopie.jpeg\" \/>\n\t<meta property=\"og:image:width\" content=\"750\" \/>\n\t<meta property=\"og:image:height\" content=\"500\" \/>\n\t<meta property=\"og:image:type\" content=\"image\/jpeg\" \/>\n<meta name=\"author\" content=\"Thomas G\u00f6tz\" \/>\n<meta name=\"twitter:card\" content=\"summary_large_image\" \/>\n<meta name=\"twitter:label1\" content=\"Verfasst von\" \/>\n\t<meta name=\"twitter:data1\" content=\"Thomas G\u00f6tz\" \/>\n\t<meta name=\"twitter:label2\" content=\"Gesch\u00e4tzte Lesezeit\" \/>\n\t<meta name=\"twitter:data2\" content=\"5 Minuten\" \/>\n<script type=\"application\/ld+json\" class=\"yoast-schema-graph\">{\"@context\":\"https:\/\/schema.org\",\"@graph\":[{\"@type\":\"WebPage\",\"@id\":\"https:\/\/www.vinoalma.de\/blog\/2021\/12\/28\/der-jahrgang-beim-wein\/\",\"url\":\"https:\/\/www.vinoalma.de\/blog\/2021\/12\/28\/der-jahrgang-beim-wein\/\",\"name\":\"Der Jahrgang beim Wein - Vino&amp;Alma Weinmagazin\",\"isPartOf\":{\"@id\":\"https:\/\/www.vinoalma.de\/blog\/#website\"},\"datePublished\":\"2021-12-28T05:24:00+00:00\",\"dateModified\":\"2022-12-12T08:34:09+00:00\",\"author\":{\"@id\":\"https:\/\/www.vinoalma.de\/blog\/#\/schema\/person\/6f3c021d497ee8aa6afa972003456398\"},\"description\":\"Der Jahrgang ist einer von vielen Faktoren, die im Wein Ausdruck finden. Er berichtet vom Klima und den Bedingungen eines bestimmten Jahres.\",\"breadcrumb\":{\"@id\":\"https:\/\/www.vinoalma.de\/blog\/2021\/12\/28\/der-jahrgang-beim-wein\/#breadcrumb\"},\"inLanguage\":\"de-DE\",\"potentialAction\":[{\"@type\":\"ReadAction\",\"target\":[\"https:\/\/www.vinoalma.de\/blog\/2021\/12\/28\/der-jahrgang-beim-wein\/\"]}]},{\"@type\":\"BreadcrumbList\",\"@id\":\"https:\/\/www.vinoalma.de\/blog\/2021\/12\/28\/der-jahrgang-beim-wein\/#breadcrumb\",\"itemListElement\":[{\"@type\":\"ListItem\",\"position\":1,\"name\":\"Home\",\"item\":\"https:\/\/www.vinoalma.de\/blog\/\"},{\"@type\":\"ListItem\",\"position\":2,\"name\":\"Allgemein\",\"item\":\"https:\/\/www.vinoalma.de\/blog\/category\/allgemein\/\"},{\"@type\":\"ListItem\",\"position\":3,\"name\":\"Der Jahrgang beim Wein\"}]},{\"@type\":\"WebSite\",\"@id\":\"https:\/\/www.vinoalma.de\/blog\/#website\",\"url\":\"https:\/\/www.vinoalma.de\/blog\/\",\"name\":\"Vino&amp;Alma Weinmagazin\",\"description\":\"Willkommen beim Weinmagazin von Vino&amp;Alma. Hier finden Sie Informationen \u00fcber spanischen Weine, Weing\u00fcter und Anbaugebiete sowie generell Wissenswertes zum Thema Wein &amp; Kulinarik. \",\"potentialAction\":[{\"@type\":\"SearchAction\",\"target\":{\"@type\":\"EntryPoint\",\"urlTemplate\":\"https:\/\/www.vinoalma.de\/blog\/?s={search_term_string}\"},\"query-input\":\"required name=search_term_string\"}],\"inLanguage\":\"de-DE\"},{\"@type\":\"Person\",\"@id\":\"https:\/\/www.vinoalma.de\/blog\/#\/schema\/person\/6f3c021d497ee8aa6afa972003456398\",\"name\":\"Thomas G\u00f6tz\",\"image\":{\"@type\":\"ImageObject\",\"inLanguage\":\"de-DE\",\"@id\":\"https:\/\/www.vinoalma.de\/blog\/#\/schema\/person\/image\/\",\"url\":\"https:\/\/secure.gravatar.com\/avatar\/2921262b95c583980c07bb351d550484?s=96&d=mm&r=g\",\"contentUrl\":\"https:\/\/secure.gravatar.com\/avatar\/2921262b95c583980c07bb351d550484?s=96&d=mm&r=g\",\"caption\":\"Thomas G\u00f6tz\"},\"url\":\"https:\/\/www.vinoalma.de\/blog\/author\/thomas\/\"}]}<\/script>\n<!-- \/ Yoast SEO plugin. -->","yoast_head_json":{"title":"Der Jahrgang beim Wein - Vino&amp;Alma Weinmagazin","description":"Der Jahrgang ist einer von vielen Faktoren, die im Wein Ausdruck finden. Er berichtet vom Klima und den Bedingungen eines bestimmten Jahres.","robots":{"index":"index","follow":"follow","max-snippet":"max-snippet:-1","max-image-preview":"max-image-preview:large","max-video-preview":"max-video-preview:-1"},"canonical":"https:\/\/www.vinoalma.de\/blog\/2021\/12\/28\/der-jahrgang-beim-wein\/","og_locale":"de_DE","og_type":"article","og_title":"Der Jahrgang beim Wein - Vino&amp;Alma Weinmagazin","og_description":"Der Jahrgang ist einer von vielen Faktoren, die im Wein Ausdruck finden. Er berichtet vom Klima und den Bedingungen eines bestimmten Jahres.","og_url":"https:\/\/www.vinoalma.de\/blog\/2021\/12\/28\/der-jahrgang-beim-wein\/","og_site_name":"Vino&amp;Alma Weinmagazin","article_published_time":"2021-12-28T05:24:00+00:00","article_modified_time":"2022-12-12T08:34:09+00:00","og_image":[{"width":750,"height":500,"url":"https:\/\/www.vinoalma.de\/blog\/wp-content\/uploads\/2021\/12\/886DE758-5550-4160-97CE-7275CA1D69FD-Kopie.jpeg","type":"image\/jpeg"}],"author":"Thomas G\u00f6tz","twitter_card":"summary_large_image","twitter_misc":{"Verfasst von":"Thomas G\u00f6tz","Gesch\u00e4tzte Lesezeit":"5 Minuten"},"schema":{"@context":"https:\/\/schema.org","@graph":[{"@type":"WebPage","@id":"https:\/\/www.vinoalma.de\/blog\/2021\/12\/28\/der-jahrgang-beim-wein\/","url":"https:\/\/www.vinoalma.de\/blog\/2021\/12\/28\/der-jahrgang-beim-wein\/","name":"Der Jahrgang beim Wein - Vino&amp;Alma Weinmagazin","isPartOf":{"@id":"https:\/\/www.vinoalma.de\/blog\/#website"},"datePublished":"2021-12-28T05:24:00+00:00","dateModified":"2022-12-12T08:34:09+00:00","author":{"@id":"https:\/\/www.vinoalma.de\/blog\/#\/schema\/person\/6f3c021d497ee8aa6afa972003456398"},"description":"Der Jahrgang ist einer von vielen Faktoren, die im Wein Ausdruck finden. Er berichtet vom Klima und den Bedingungen eines bestimmten Jahres.","breadcrumb":{"@id":"https:\/\/www.vinoalma.de\/blog\/2021\/12\/28\/der-jahrgang-beim-wein\/#breadcrumb"},"inLanguage":"de-DE","potentialAction":[{"@type":"ReadAction","target":["https:\/\/www.vinoalma.de\/blog\/2021\/12\/28\/der-jahrgang-beim-wein\/"]}]},{"@type":"BreadcrumbList","@id":"https:\/\/www.vinoalma.de\/blog\/2021\/12\/28\/der-jahrgang-beim-wein\/#breadcrumb","itemListElement":[{"@type":"ListItem","position":1,"name":"Home","item":"https:\/\/www.vinoalma.de\/blog\/"},{"@type":"ListItem","position":2,"name":"Allgemein","item":"https:\/\/www.vinoalma.de\/blog\/category\/allgemein\/"},{"@type":"ListItem","position":3,"name":"Der Jahrgang beim Wein"}]},{"@type":"WebSite","@id":"https:\/\/www.vinoalma.de\/blog\/#website","url":"https:\/\/www.vinoalma.de\/blog\/","name":"Vino&amp;Alma Weinmagazin","description":"Willkommen beim Weinmagazin von Vino&amp;Alma. Hier finden Sie Informationen \u00fcber spanischen Weine, Weing\u00fcter und Anbaugebiete sowie generell Wissenswertes zum Thema Wein &amp; Kulinarik. ","potentialAction":[{"@type":"SearchAction","target":{"@type":"EntryPoint","urlTemplate":"https:\/\/www.vinoalma.de\/blog\/?s={search_term_string}"},"query-input":"required name=search_term_string"}],"inLanguage":"de-DE"},{"@type":"Person","@id":"https:\/\/www.vinoalma.de\/blog\/#\/schema\/person\/6f3c021d497ee8aa6afa972003456398","name":"Thomas G\u00f6tz","image":{"@type":"ImageObject","inLanguage":"de-DE","@id":"https:\/\/www.vinoalma.de\/blog\/#\/schema\/person\/image\/","url":"https:\/\/secure.gravatar.com\/avatar\/2921262b95c583980c07bb351d550484?s=96&d=mm&r=g","contentUrl":"https:\/\/secure.gravatar.com\/avatar\/2921262b95c583980c07bb351d550484?s=96&d=mm&r=g","caption":"Thomas G\u00f6tz"},"url":"https:\/\/www.vinoalma.de\/blog\/author\/thomas\/"}]}},"_links":{"self":[{"href":"https:\/\/www.vinoalma.de\/blog\/wp-json\/wp\/v2\/posts\/4354"}],"collection":[{"href":"https:\/\/www.vinoalma.de\/blog\/wp-json\/wp\/v2\/posts"}],"about":[{"href":"https:\/\/www.vinoalma.de\/blog\/wp-json\/wp\/v2\/types\/post"}],"author":[{"embeddable":true,"href":"https:\/\/www.vinoalma.de\/blog\/wp-json\/wp\/v2\/users\/5"}],"replies":[{"embeddable":true,"href":"https:\/\/www.vinoalma.de\/blog\/wp-json\/wp\/v2\/comments?post=4354"}],"version-history":[{"count":82,"href":"https:\/\/www.vinoalma.de\/blog\/wp-json\/wp\/v2\/posts\/4354\/revisions"}],"predecessor-version":[{"id":5294,"href":"https:\/\/www.vinoalma.de\/blog\/wp-json\/wp\/v2\/posts\/4354\/revisions\/5294"}],"wp:featuredmedia":[{"embeddable":true,"href":"https:\/\/www.vinoalma.de\/blog\/wp-json\/wp\/v2\/media\/4355"}],"wp:attachment":[{"href":"https:\/\/www.vinoalma.de\/blog\/wp-json\/wp\/v2\/media?parent=4354"}],"wp:term":[{"taxonomy":"category","embeddable":true,"href":"https:\/\/www.vinoalma.de\/blog\/wp-json\/wp\/v2\/categories?post=4354"},{"taxonomy":"post_tag","embeddable":true,"href":"https:\/\/www.vinoalma.de\/blog\/wp-json\/wp\/v2\/tags?post=4354"}],"curies":[{"name":"wp","href":"https:\/\/api.w.org\/{rel}","templated":true}]}}