{"id":4197,"date":"2021-11-29T11:25:22","date_gmt":"2021-11-29T10:25:22","guid":{"rendered":"https:\/\/www.vinoalma.de\/blog\/?p=4197"},"modified":"2022-12-12T09:40:10","modified_gmt":"2022-12-12T08:40:10","slug":"rebenerziehung-systeme-spalier-busch-pergola","status":"publish","type":"post","link":"https:\/\/www.vinoalma.de\/blog\/2021\/11\/29\/rebenerziehung-systeme-spalier-busch-pergola\/","title":{"rendered":"Wie und warum erzieht man Reben?"},"content":{"rendered":"\n<p>Reben sind Rankpflanzen, die zu undefiniertem und z\u00fcgellosem Wildwuchs neigen. Im Weinbau kommen aus diesem Grund diverse Erziehungssysteme zum Einsatz. Sie kontrollieren das Wachstum der Rebe, geben der Pflanze eine Form und reduzieren die Ertr\u00e4ge, was ein wichtiges Qualit\u00e4tskriterium f\u00fcr Wein ist. In Bezug auf Spanien stellen wir euch im Folgenden die drei wichtigsten Rebenerziehungssysteme vor.<\/p>\n\n\n\n<h2 class=\"wp-block-heading\">Die Spaliererziehung<\/h2>\n\n\n\n<p>Die Spaliererziehung ist die weltweit verbreitetste Methode der Rebenhaltung. In Spanien kommt sie erst seit den 1960ern zum Einsatz, damals eingef\u00fchrt von <a href=\"https:\/\/www.vinoalma.de\/blog\/2021\/07\/29\/torres-familie-und-innovation\/\">Familia Torres<\/a>. Seither hat das System den spanischen Weinbau revolutioniert, denn die geradlinige Erziehung am Drahtrahmen erm\u00f6glicht eine einfachere Bearbeitung der Weinberge. Beispielsweise k\u00f6nnen mit einer Maschinenlese gro\u00dfe Fl\u00e4chen in relativ kurzer Zeit abgeerntet werden.<\/p>\n\n\n<div class=\"wp-block-image\">\n<figure class=\"aligncenter size-full\"><img decoding=\"async\" loading=\"lazy\" width=\"600\" height=\"410\" src=\"https:\/\/www.vinoalma.de\/blog\/wp-content\/uploads\/2021\/07\/image00006.jpeg\" alt=\"Rebenerziehung am Spalier\" class=\"wp-image-3673\" srcset=\"https:\/\/www.vinoalma.de\/blog\/wp-content\/uploads\/2021\/07\/image00006.jpeg 600w, https:\/\/www.vinoalma.de\/blog\/wp-content\/uploads\/2021\/07\/image00006-300x205.jpeg 300w\" sizes=\"(max-width: 600px) 100vw, 600px\" \/><figcaption class=\"wp-element-caption\">Spaliererziehung in Rioja Baja (\u00a9 Thomas G\u00f6tz)<\/figcaption><\/figure><\/div>\n\n\n<p>Die Spaliererziehung am Drahtrahmen hat nicht allein einen praktisch-\u00f6konomischen Vorteil. Au\u00dferdem erlaubt sie eine flexible Anpassung der Laubwand an die jeweiligen klimatischen Bedingungen eines Gebiets oder Jahrgangs. In k\u00fchleren Regionen mit weniger Sonnenstrahlung wird die Laubwand in der Regel ausged\u00fcnnt, so dass die Trauben mehr Sonnenlicht erhalten und besser reifen. Zugleich herrscht hierbei eine bessere Durchl\u00fcftung im Weinberg, was besser gegen Pilzkrankheiten sch\u00fctzt. In Gebieten mit vielen Sonnenstunden und gro\u00dfer Sommerhitze belassen Winzer die Laubwand dagegen dichter, damit die Trauben vom Blattwerk gesch\u00fctzt im Schatten h\u00e4ngen und sich keinen Sonnenbrand zuziehen. Abschlie\u00dfend kann man sagen, dass die Beliebtheit der Spaliererziehung sowohl an ihrer Flexibilit\u00e4t als auch Wirtschaftlichkeit liegt.<\/p>\n\n\n<div class=\"row ppgbo_row ppgbo_product_1\">\n    \n    <div class=\"product col-12\">\n        <a class=\"product_link\" target=\"_blank\" href=\"https:\/\/www.vinoalma.de\/index.php?controller=product&#038;id_product=13?controller=product&#038;id_product=13\">Ayre (2023)<\/a><img class=\"product_image\" src=\"https:\/\/vinoalma.de\/870-medium_default\/1.jpg\"  alt=\"Ayre (2023)\" width=\"250\" height=\"250\" \/><h4 class=\"product_name\">Ayre (2023)<\/h4><div class=\"product_description_short\">\n\nFrisch und fruchtig wie es sich f\u00fcr einen guten Verdejo geh\u00f6rt!\n\n\n\n\n\nWeinregion: D.O. [...]<\/div><span class=\"product_price\">6.70\u20ac<\/span>    <\/div>\n    \n    <\/div>\n<div class=\"clear\"><\/div>\n\n\n\n<h2 class=\"wp-block-heading\">Die Buscherziehung<\/h2>\n\n\n\n<p>Wer in Zentralspanien und in mediterranen Regionen unterwegs ist, wird nicht ausschlie\u00dflich auf gro\u00dfe Weinfelder mit Reben in Spaliererziehung sto\u00dfen. Dar\u00fcber hinaus findet sich in diesen Gebieten ein nach wie vor hoher Bestand an Buschreben. Vordergr\u00fcndig erscheint diese Art der Rebenerziehung heutzutage nicht mehr logisch, weil sie im Vergleich zur Spaliererziehung arbeits- und zeitaufw\u00e4ndiger ist. Zum Beispiel kann die Weinlese nur von Hand verrichtet werden und durch das stetige B\u00fccken schmerzt der R\u00fccken. Wozu also Buscherziehung?<\/p>\n\n\n<div class=\"wp-block-image\">\n<figure class=\"aligncenter size-full\"><img decoding=\"async\" loading=\"lazy\" width=\"600\" height=\"420\" src=\"https:\/\/www.vinoalma.de\/blog\/wp-content\/uploads\/2020\/05\/DSC03554.jpg\" alt=\"Alte Reben. Wurzelecht. Thema Weinveredelung. Rebenerziehung in Buschform.\" class=\"wp-image-2674\" srcset=\"https:\/\/www.vinoalma.de\/blog\/wp-content\/uploads\/2020\/05\/DSC03554.jpg 600w, https:\/\/www.vinoalma.de\/blog\/wp-content\/uploads\/2020\/05\/DSC03554-300x210.jpg 300w\" sizes=\"(max-width: 600px) 100vw, 600px\" \/><figcaption class=\"wp-element-caption\"><meta charset=\"utf-8\"> Rebenerziehung in Buschform, hier in Rueda (\u00a9 Thomas G\u00f6tz)<\/figcaption><\/figure><\/div>\n\n\n<p>Buschreben bieten in hei\u00dfen und trockenen Gebieten &#8211; wie wir sie nun einmal im mediterranen und zentralen Spanien vorfinden &#8211; zwei gro\u00dfe Vorteile. Erstens gibt es in einigen Zonen Spaniens keine M\u00f6glichkeit die Weinberge zu bew\u00e4ssern. Um Konkurrenzdruck zwischen den Reben zu vermeiden, lassen sich bei Buschreben die Pflanzabst\u00e4nde besser variieren und anpassen. Zudem geraten Buschreben weniger schnell in Trockenstress, was uns zu Punkt 2 bringt: Buschreben bilden ein Bl\u00e4tterdach, \u00e4hnlich wie ein Sonnenschirm, welches die Trauben vor Sonne sch\u00fctzt. Da die Reben fernerhin nah am Boden wachsen, kann der Boden die Sonnenstrahlen nicht reflektieren und so wird das Wasser im Umfeld der Pflanze l\u00e4nger gespeichert. Buschreben bilden also ein k\u00fchleres Mikroklima heraus. Wenn nun die drei Faktoren bestehend aus genereller Trockenheit, hei\u00dfen Sommern und keine Bew\u00e4sserungsm\u00f6glichkeit zusammenkommen, dann bieten sie die wahrscheinlich beste Art der Rebenerziehung.<\/p>\n\n\n<div class=\"row ppgbo_row ppgbo_product_1\">\n    \n    <div class=\"product col-12\">\n        <a class=\"product_link\" target=\"_blank\" href=\"https:\/\/www.vinoalma.de\/index.php?controller=product&#038;id_product=142?controller=product&#038;id_product=142\">Generaci\u00f3n 20 [BIO] (2021)<\/a><img class=\"product_image\" src=\"https:\/\/vinoalma.de\/807-medium_default\/1.jpg\"  alt=\"Generaci\u00f3n 20 [BIO] (2021)\" width=\"250\" height=\"250\" \/><h4 class=\"product_name\">Generaci\u00f3n 20 [BIO] (2021)<\/h4><div class=\"product_description_short\">\n\nKraftvoll, weich seidig und elegant - der Generaci\u00f3n 20 ist ein Garnacha f\u00fcr echte [...]<\/div><span class=\"product_price\">17.90\u20ac<\/span>    <\/div>\n    \n    <\/div>\n<div class=\"clear\"><\/div>\n\n\n\n<h2 class=\"wp-block-heading\">Die Rebenerziehung mit Pergola<\/h2>\n\n\n\n<p>Betrachtet man allein die Fl\u00e4che an Hektar, dann liegt die sogenannte Pergolaerziehung in Spanien ganz weit hinter den zuvor beschriebenen Spalier- bzw. Buscherziehung. Nichtsdestotrotz bietet die Pergola in feuchten atlantischen Gebieten wie in Galicien eine hervorragende Option f\u00fcr die Rebenerziehung.<\/p>\n\n\n<div class=\"wp-block-image\">\n<figure class=\"aligncenter size-full\"><img decoding=\"async\" loading=\"lazy\" width=\"600\" height=\"400\" src=\"https:\/\/www.vinoalma.de\/blog\/wp-content\/uploads\/2019\/04\/Anadigna-Alte-Reben-Pergola.jpg\" alt=\"Anadigna Alte Reben Pergola\" class=\"wp-image-2266\" srcset=\"https:\/\/www.vinoalma.de\/blog\/wp-content\/uploads\/2019\/04\/Anadigna-Alte-Reben-Pergola.jpg 600w, https:\/\/www.vinoalma.de\/blog\/wp-content\/uploads\/2019\/04\/Anadigna-Alte-Reben-Pergola-300x200.jpg 300w\" sizes=\"(max-width: 600px) 100vw, 600px\" \/><figcaption class=\"wp-element-caption\"><meta charset=\"utf-8\">\u00dcber 150 Jahre alte Rebe in Pergolaerziehung in R\u00edas Baixas (\u00a9 Bodega Anadigna)<\/figcaption><\/figure><\/div>\n\n\n<p>Im f\u00fcr Wei\u00dfweine aus der Albari\u00f1o-Sorte bekannten Anbaugebiet R\u00edas Baixas ist die Pergola das dominierende Erziehungssystem. Der Grund liegt im nassen atlantischen Klima. In dem Gebiet am Westatlantik herrscht ein Regenaufkommen von \u00fcber 1500 mm im Jahr. Bei der Pergolaerziehung h\u00e4ngen die Trauben weit weg vom feuchten Boden, was die Gefahr von Pilzkrankheiten reduziert. Zudem baumeln die Trauben frei unter einem Bl\u00e4tterdach. Das Bl\u00e4tterdach sch\u00fctzt einerseits vor Regen, und weil die Trauben andererseits frei h\u00e4ngen, trocknen sie insgesamt schneller ab. Man sieht an diesem Beispiel sehr sch\u00f6n, wie das Klima einen Einfluss auf die Rebenerziehung nimmt. Die Vorteile der Pergola in nassen, regenreichen Gebieten \u00fcberwiegen den Nachteil, dass im Weinberg keine Maschinen zum Einsatz kommen k\u00f6nnen und alles m\u00fchsam von Hand (z.B. Weinlese) erledigt wird.<\/p>\n\n\n<div class=\"row ppgbo_row ppgbo_product_1\">\n    \n    <div class=\"product col-12\">\n        <a class=\"product_link\" target=\"_blank\" href=\"https:\/\/www.vinoalma.de\/index.php?controller=product&#038;id_product=177?controller=product&#038;id_product=177\">Anadigna Sobre Lias (2023)<\/a><img class=\"product_image\" src=\"https:\/\/vinoalma.de\/800-medium_default\/1.jpg\"  alt=\"Anadigna Sobre Lias (2023)\" width=\"250\" height=\"250\" \/><h4 class=\"product_name\">Anadigna Sobre Lias (2023)<\/h4><div class=\"product_description_short\">\n\n Nur bei Vino&amp;Alma! Ein Albari\u00f1o der Extraklasse sur lie (sobre lias) gereift aus [...]<\/div><span class=\"product_price\">16.50\u20ac<\/span>    <\/div>\n    \n    <\/div>\n<div class=\"clear\"><\/div>\n","protected":false},"excerpt":{"rendered":"<p>Reben sind Rankpflanzen, die zu undefiniertem und z\u00fcgellosem Wildwuchs neigen. Im Weinbau kommen aus diesem Grund diverse Erziehungssysteme zum Einsatz. Sie kontrollieren das Wachstum der Rebe, geben der Pflanze eine Form und reduzieren die Ertr\u00e4ge, was ein wichtiges Qualit\u00e4tskriterium f\u00fcr Wein ist. In Bezug auf Spanien stellen wir euch im Folgenden die drei wichtigsten Rebenerziehungssysteme &hellip; <a href=\"https:\/\/www.vinoalma.de\/blog\/2021\/11\/29\/rebenerziehung-systeme-spalier-busch-pergola\/\" class=\"more-link\">Continue reading <span class=\"screen-reader-text\">Wie und warum erzieht man Reben?<\/span><\/a><\/p>\n","protected":false},"author":5,"featured_media":3260,"comment_status":"closed","ping_status":"closed","sticky":false,"template":"","format":"standard","meta":{"_mi_skip_tracking":false},"categories":[1,85],"tags":[],"yoast_head":"<!-- This site is optimized with the Yoast SEO plugin v20.6 - https:\/\/yoast.com\/wordpress\/plugins\/seo\/ -->\n<title>Die Rebenerziehung: Spalier, Busch oder Pergola? - Vino&amp; Alma Magazin<\/title>\n<meta name=\"description\" content=\"Die richtige Rebenerziehung ist zentral, um den Wildwuchs von Weinreben zu kontrollieren. Wir stellen die wichtigen Erziehungssysteme vor.\" \/>\n<meta name=\"robots\" content=\"index, follow, max-snippet:-1, max-image-preview:large, max-video-preview:-1\" \/>\n<link rel=\"canonical\" href=\"https:\/\/www.vinoalma.de\/blog\/2021\/11\/29\/rebenerziehung-systeme-spalier-busch-pergola\/\" \/>\n<meta property=\"og:locale\" content=\"de_DE\" \/>\n<meta property=\"og:type\" content=\"article\" \/>\n<meta property=\"og:title\" content=\"Die Rebenerziehung: Spalier, Busch oder Pergola? - Vino&amp; Alma Magazin\" \/>\n<meta property=\"og:description\" content=\"Die richtige Rebenerziehung ist zentral, um den Wildwuchs von Weinreben zu kontrollieren. Wir stellen die wichtigen Erziehungssysteme vor.\" \/>\n<meta property=\"og:url\" content=\"https:\/\/www.vinoalma.de\/blog\/2021\/11\/29\/rebenerziehung-systeme-spalier-busch-pergola\/\" \/>\n<meta property=\"og:site_name\" content=\"Vino&amp;Alma Weinmagazin\" \/>\n<meta property=\"article:published_time\" content=\"2021-11-29T10:25:22+00:00\" \/>\n<meta property=\"article:modified_time\" content=\"2022-12-12T08:40:10+00:00\" \/>\n<meta property=\"og:image\" content=\"https:\/\/www.vinoalma.de\/blog\/wp-content\/uploads\/2021\/03\/IMG_2638.jpg\" \/>\n\t<meta property=\"og:image:width\" content=\"750\" \/>\n\t<meta property=\"og:image:height\" content=\"480\" \/>\n\t<meta property=\"og:image:type\" content=\"image\/jpeg\" \/>\n<meta name=\"author\" content=\"Thomas G\u00f6tz\" \/>\n<meta name=\"twitter:card\" content=\"summary_large_image\" \/>\n<meta name=\"twitter:label1\" content=\"Verfasst von\" \/>\n\t<meta name=\"twitter:data1\" content=\"Thomas G\u00f6tz\" \/>\n\t<meta name=\"twitter:label2\" content=\"Gesch\u00e4tzte Lesezeit\" \/>\n\t<meta name=\"twitter:data2\" content=\"5 Minuten\" \/>\n<script type=\"application\/ld+json\" class=\"yoast-schema-graph\">{\"@context\":\"https:\/\/schema.org\",\"@graph\":[{\"@type\":\"WebPage\",\"@id\":\"https:\/\/www.vinoalma.de\/blog\/2021\/11\/29\/rebenerziehung-systeme-spalier-busch-pergola\/\",\"url\":\"https:\/\/www.vinoalma.de\/blog\/2021\/11\/29\/rebenerziehung-systeme-spalier-busch-pergola\/\",\"name\":\"Die Rebenerziehung: Spalier, Busch oder Pergola? - Vino& Alma Magazin\",\"isPartOf\":{\"@id\":\"https:\/\/www.vinoalma.de\/blog\/#website\"},\"datePublished\":\"2021-11-29T10:25:22+00:00\",\"dateModified\":\"2022-12-12T08:40:10+00:00\",\"author\":{\"@id\":\"https:\/\/www.vinoalma.de\/blog\/#\/schema\/person\/6f3c021d497ee8aa6afa972003456398\"},\"description\":\"Die richtige Rebenerziehung ist zentral, um den Wildwuchs von Weinreben zu kontrollieren. Wir stellen die wichtigen Erziehungssysteme vor.\",\"breadcrumb\":{\"@id\":\"https:\/\/www.vinoalma.de\/blog\/2021\/11\/29\/rebenerziehung-systeme-spalier-busch-pergola\/#breadcrumb\"},\"inLanguage\":\"de-DE\",\"potentialAction\":[{\"@type\":\"ReadAction\",\"target\":[\"https:\/\/www.vinoalma.de\/blog\/2021\/11\/29\/rebenerziehung-systeme-spalier-busch-pergola\/\"]}]},{\"@type\":\"BreadcrumbList\",\"@id\":\"https:\/\/www.vinoalma.de\/blog\/2021\/11\/29\/rebenerziehung-systeme-spalier-busch-pergola\/#breadcrumb\",\"itemListElement\":[{\"@type\":\"ListItem\",\"position\":1,\"name\":\"Home\",\"item\":\"https:\/\/www.vinoalma.de\/blog\/\"},{\"@type\":\"ListItem\",\"position\":2,\"name\":\"Allgemein\",\"item\":\"https:\/\/www.vinoalma.de\/blog\/category\/allgemein\/\"},{\"@type\":\"ListItem\",\"position\":3,\"name\":\"Wie und warum erzieht man Reben?\"}]},{\"@type\":\"WebSite\",\"@id\":\"https:\/\/www.vinoalma.de\/blog\/#website\",\"url\":\"https:\/\/www.vinoalma.de\/blog\/\",\"name\":\"Vino&amp;Alma Weinmagazin\",\"description\":\"Willkommen beim Weinmagazin von Vino&amp;Alma. Hier finden Sie Informationen \u00fcber spanischen Weine, Weing\u00fcter und Anbaugebiete sowie generell Wissenswertes zum Thema Wein &amp; Kulinarik. \",\"potentialAction\":[{\"@type\":\"SearchAction\",\"target\":{\"@type\":\"EntryPoint\",\"urlTemplate\":\"https:\/\/www.vinoalma.de\/blog\/?s={search_term_string}\"},\"query-input\":\"required name=search_term_string\"}],\"inLanguage\":\"de-DE\"},{\"@type\":\"Person\",\"@id\":\"https:\/\/www.vinoalma.de\/blog\/#\/schema\/person\/6f3c021d497ee8aa6afa972003456398\",\"name\":\"Thomas G\u00f6tz\",\"image\":{\"@type\":\"ImageObject\",\"inLanguage\":\"de-DE\",\"@id\":\"https:\/\/www.vinoalma.de\/blog\/#\/schema\/person\/image\/\",\"url\":\"https:\/\/secure.gravatar.com\/avatar\/2921262b95c583980c07bb351d550484?s=96&d=mm&r=g\",\"contentUrl\":\"https:\/\/secure.gravatar.com\/avatar\/2921262b95c583980c07bb351d550484?s=96&d=mm&r=g\",\"caption\":\"Thomas G\u00f6tz\"},\"url\":\"https:\/\/www.vinoalma.de\/blog\/author\/thomas\/\"}]}<\/script>\n<!-- \/ Yoast SEO plugin. -->","yoast_head_json":{"title":"Die Rebenerziehung: Spalier, Busch oder Pergola? - Vino& Alma Magazin","description":"Die richtige Rebenerziehung ist zentral, um den Wildwuchs von Weinreben zu kontrollieren. Wir stellen die wichtigen Erziehungssysteme vor.","robots":{"index":"index","follow":"follow","max-snippet":"max-snippet:-1","max-image-preview":"max-image-preview:large","max-video-preview":"max-video-preview:-1"},"canonical":"https:\/\/www.vinoalma.de\/blog\/2021\/11\/29\/rebenerziehung-systeme-spalier-busch-pergola\/","og_locale":"de_DE","og_type":"article","og_title":"Die Rebenerziehung: Spalier, Busch oder Pergola? - Vino& Alma Magazin","og_description":"Die richtige Rebenerziehung ist zentral, um den Wildwuchs von Weinreben zu kontrollieren. Wir stellen die wichtigen Erziehungssysteme vor.","og_url":"https:\/\/www.vinoalma.de\/blog\/2021\/11\/29\/rebenerziehung-systeme-spalier-busch-pergola\/","og_site_name":"Vino&amp;Alma Weinmagazin","article_published_time":"2021-11-29T10:25:22+00:00","article_modified_time":"2022-12-12T08:40:10+00:00","og_image":[{"width":750,"height":480,"url":"https:\/\/www.vinoalma.de\/blog\/wp-content\/uploads\/2021\/03\/IMG_2638.jpg","type":"image\/jpeg"}],"author":"Thomas G\u00f6tz","twitter_card":"summary_large_image","twitter_misc":{"Verfasst von":"Thomas G\u00f6tz","Gesch\u00e4tzte Lesezeit":"5 Minuten"},"schema":{"@context":"https:\/\/schema.org","@graph":[{"@type":"WebPage","@id":"https:\/\/www.vinoalma.de\/blog\/2021\/11\/29\/rebenerziehung-systeme-spalier-busch-pergola\/","url":"https:\/\/www.vinoalma.de\/blog\/2021\/11\/29\/rebenerziehung-systeme-spalier-busch-pergola\/","name":"Die Rebenerziehung: Spalier, Busch oder Pergola? - Vino& Alma Magazin","isPartOf":{"@id":"https:\/\/www.vinoalma.de\/blog\/#website"},"datePublished":"2021-11-29T10:25:22+00:00","dateModified":"2022-12-12T08:40:10+00:00","author":{"@id":"https:\/\/www.vinoalma.de\/blog\/#\/schema\/person\/6f3c021d497ee8aa6afa972003456398"},"description":"Die richtige Rebenerziehung ist zentral, um den Wildwuchs von Weinreben zu kontrollieren. Wir stellen die wichtigen Erziehungssysteme vor.","breadcrumb":{"@id":"https:\/\/www.vinoalma.de\/blog\/2021\/11\/29\/rebenerziehung-systeme-spalier-busch-pergola\/#breadcrumb"},"inLanguage":"de-DE","potentialAction":[{"@type":"ReadAction","target":["https:\/\/www.vinoalma.de\/blog\/2021\/11\/29\/rebenerziehung-systeme-spalier-busch-pergola\/"]}]},{"@type":"BreadcrumbList","@id":"https:\/\/www.vinoalma.de\/blog\/2021\/11\/29\/rebenerziehung-systeme-spalier-busch-pergola\/#breadcrumb","itemListElement":[{"@type":"ListItem","position":1,"name":"Home","item":"https:\/\/www.vinoalma.de\/blog\/"},{"@type":"ListItem","position":2,"name":"Allgemein","item":"https:\/\/www.vinoalma.de\/blog\/category\/allgemein\/"},{"@type":"ListItem","position":3,"name":"Wie und warum erzieht man Reben?"}]},{"@type":"WebSite","@id":"https:\/\/www.vinoalma.de\/blog\/#website","url":"https:\/\/www.vinoalma.de\/blog\/","name":"Vino&amp;Alma Weinmagazin","description":"Willkommen beim Weinmagazin von Vino&amp;Alma. Hier finden Sie Informationen \u00fcber spanischen Weine, Weing\u00fcter und Anbaugebiete sowie generell Wissenswertes zum Thema Wein &amp; Kulinarik. ","potentialAction":[{"@type":"SearchAction","target":{"@type":"EntryPoint","urlTemplate":"https:\/\/www.vinoalma.de\/blog\/?s={search_term_string}"},"query-input":"required name=search_term_string"}],"inLanguage":"de-DE"},{"@type":"Person","@id":"https:\/\/www.vinoalma.de\/blog\/#\/schema\/person\/6f3c021d497ee8aa6afa972003456398","name":"Thomas G\u00f6tz","image":{"@type":"ImageObject","inLanguage":"de-DE","@id":"https:\/\/www.vinoalma.de\/blog\/#\/schema\/person\/image\/","url":"https:\/\/secure.gravatar.com\/avatar\/2921262b95c583980c07bb351d550484?s=96&d=mm&r=g","contentUrl":"https:\/\/secure.gravatar.com\/avatar\/2921262b95c583980c07bb351d550484?s=96&d=mm&r=g","caption":"Thomas G\u00f6tz"},"url":"https:\/\/www.vinoalma.de\/blog\/author\/thomas\/"}]}},"_links":{"self":[{"href":"https:\/\/www.vinoalma.de\/blog\/wp-json\/wp\/v2\/posts\/4197"}],"collection":[{"href":"https:\/\/www.vinoalma.de\/blog\/wp-json\/wp\/v2\/posts"}],"about":[{"href":"https:\/\/www.vinoalma.de\/blog\/wp-json\/wp\/v2\/types\/post"}],"author":[{"embeddable":true,"href":"https:\/\/www.vinoalma.de\/blog\/wp-json\/wp\/v2\/users\/5"}],"replies":[{"embeddable":true,"href":"https:\/\/www.vinoalma.de\/blog\/wp-json\/wp\/v2\/comments?post=4197"}],"version-history":[{"count":64,"href":"https:\/\/www.vinoalma.de\/blog\/wp-json\/wp\/v2\/posts\/4197\/revisions"}],"predecessor-version":[{"id":5300,"href":"https:\/\/www.vinoalma.de\/blog\/wp-json\/wp\/v2\/posts\/4197\/revisions\/5300"}],"wp:featuredmedia":[{"embeddable":true,"href":"https:\/\/www.vinoalma.de\/blog\/wp-json\/wp\/v2\/media\/3260"}],"wp:attachment":[{"href":"https:\/\/www.vinoalma.de\/blog\/wp-json\/wp\/v2\/media?parent=4197"}],"wp:term":[{"taxonomy":"category","embeddable":true,"href":"https:\/\/www.vinoalma.de\/blog\/wp-json\/wp\/v2\/categories?post=4197"},{"taxonomy":"post_tag","embeddable":true,"href":"https:\/\/www.vinoalma.de\/blog\/wp-json\/wp\/v2\/tags?post=4197"}],"curies":[{"name":"wp","href":"https:\/\/api.w.org\/{rel}","templated":true}]}}