{"id":3627,"date":"2021-07-16T13:04:00","date_gmt":"2021-07-16T11:04:00","guid":{"rendered":"https:\/\/www.vinoalma.de\/blog\/?p=3627"},"modified":"2021-07-15T21:05:14","modified_gmt":"2021-07-15T19:05:14","slug":"garnacha-blanca-kataloniens-heimlicher-star","status":"publish","type":"post","link":"https:\/\/www.vinoalma.de\/blog\/2021\/07\/16\/garnacha-blanca-kataloniens-heimlicher-star\/","title":{"rendered":"Garnacha Blanca &#8211; Kataloniens heimlicher Star"},"content":{"rendered":"\n<p>Seit drei\u00dfig Jahren erleben spanische Wei\u00dfweine einen beeindruckenden Aufstieg bez\u00fcglich Qualit\u00e4t und Popularit\u00e4t. Es begann in den 1990er-Jahren mit den Rebsorten <a href=\"https:\/\/www.vinoalma.de\/blog\/2019\/10\/17\/rias-baixas-albarino-galicien\/\">Albari\u00f1o<\/a> und <a href=\"https:\/\/www.vinoalma.de\/blog\/2020\/01\/03\/verdejo-rueda-wein\/\">Verdejo<\/a>, deren spritzig-frische Wei\u00dfweine zu einem bis heute anhaltenden Boom in den Anbaugebieten D.O. Rias Baixas und D.O. Rueda f\u00fchrten. In den 2000er-Jahren folgte die galicische <a href=\"https:\/\/www.vinoalma.de\/blog\/2021\/05\/04\/godello-valdeorras-rafael-palacios\/\">Godello<\/a> als wei\u00dfe Trendrebe, was sie auch nach wie vor ist. Neue Gesellschaft haben diese Sorten mit der Garnacha Blanca erhalten, die seit den 2010ern von sich reden macht und einen enormen Aufschwung erf\u00e4hrt. Wir stellen im Folgenden die Traube, ihre wichtigsten Regionen und Erzeuger vor.&nbsp;<\/p>\n\n\n\n<h2 class=\"wp-block-heading\"><strong>Die Eigenschaften der Garnacha Blanca<\/strong><\/h2>\n\n\n\n<p>Garnacha Blanca ist aus einer nat\u00fcrlichen Mutation der roten <a href=\"https:\/\/www.vinoalma.de\/blog\/2019\/09\/05\/garnacha-rebsorten-spanien\/\">Garnacha Tinta<\/a> hervorgegangen. Beide Sorten haben ihrem Ursprung im Ebro-Tal in den Regionen Aragon, Katalonien und La Rioja, wo sie bis heute prominent vertreten sind. Im Falle der Garnacha Blanca trifft dies insbesondere auf Katalonien zu.<\/p>\n\n\n\n<p>Wie die rote Garnacha hatte auch die wei\u00dfe Garnacha lange Zeit einen schlechten Ruf. Die Ursache daf\u00fcr liegt nicht an der Qualit\u00e4t der Traube, sondern an einer minderwertigen Weinproduktion, der sie bis in die 2000er-Jahre ausgesetzt war: Wei\u00dfweine aus Garnacha Blanca schmeckten oftmals oxidiert, bitter und \u00fcberreif. Sie hatten zu wenig S\u00e4ure und zu hohe Alkoholgrade.<\/p>\n\n\n\n<p>Wer einen Spitzenwein aus Garnacha Blanca keltern will, muss sich drei Herausforderungen stellen: Erstens baut die Traube im Sommer schnell an Zucker (und somit Alkohol) auf. Zweitens verliert sie rasch an S\u00e4ure (und somit Frische), sobald sie das Vollreifestadium erreicht hat. Drittens ergibt die Traube hohe Ertr\u00e4ge.<\/p>\n\n\n\n<p>F\u00fcr jede dieser Herausforderungen gibt es eine L\u00f6sung im Weinberg:&nbsp;<\/p>\n\n\n\n<ol><li>Der Standort ist von Bedeutung: Weinberge in h\u00f6heren Lagen und im Idealfall mit n\u00f6rdlicher Ausrichtung verf\u00fcgen \u00fcber ein k\u00fchleres Mikroklima, welches in einem l\u00e4ngeren Reifezyklus und langsamerem Zuckeraufbau resultiert. Dar\u00fcber hinaus tragen regelm\u00e4\u00dfige Winde in Aragon und Katalonien zur Abk\u00fchlung im Weinberg bei.<\/li><li>Der richtige Lesezeitpunkt ist entscheidend: Fr\u00fcher gab es eine Tendenz die Trauben zu sp\u00e4t und \u00fcberreif zu ernten. Die qualit\u00e4tsorientierten Winzer von heute achten sehr genau darauf den richtigen Zeitpunkt zu treffen, damit die Trauben gute S\u00e4ure und frische Fruchtaromatik erhalten.<br>Einige Winzer setzen sogar auf eine zeitversetzte Weinlese, bei der ein Teil der Trauben zu fr\u00fch geerntet wird. Der knackig frische (und etwas gr\u00fcne) Wein daraus wird sp\u00e4ter mit dem Wein der vollreif geernteten Trauben zusammengef\u00fchrt. So entsteht ein Wei\u00dfwein mit einer hervorragenden Balance aus Frische und Reife.<\/li><li>Die Ertr\u00e4ge werden entweder durch einen Gr\u00fcnschnitt im Sommer oder auf nat\u00fcrliche Weise durch alte Reben reduziert. In beiden F\u00e4llen erh\u00f6ht sich die Qualit\u00e4t des Leseguts.&nbsp;<\/li><\/ol>\n\n\n\n<p>Last, but not least haben sich die Kellertechnik und die Methoden der Weinbereitung entscheidend verbessert: Da Garnacha Blanca eine Traube ist, die zu rascher Oxidation neigt, pressen mittlerweile viele Winzer die ganzen Trauben mit den Stielen. Bei dieser Pressung der Ganztrauben erf\u00e4hrt der Saft den wenigsten Luft- und Schalenkontakt, was wiederum Oxidation und die Aufnahme von Bitterstoffen \u00fcber Schalen minimiert.<\/p>\n\n\n\n<p>Wer diese hier aufgef\u00fchrten Qualit\u00e4tsstandards beachtet, dem dankt es die Garnacha Blanca mit wunderbar vollmundigen, sauberen und frischen Wei\u00dfweinen, die \u00fcber ein breites Aromenspektrum von Birne, Quitte, Zitrusfrucht, wei\u00dfen Bl\u00fcten und mediterranen Kr\u00e4utern verf\u00fcgen k\u00f6nnen.<\/p>\n\n\n\n<div class=\"wp-block-image\"><figure class=\"aligncenter size-large\"><img decoding=\"async\" loading=\"lazy\" width=\"600\" height=\"400\" src=\"https:\/\/www.vinoalma.de\/blog\/wp-content\/uploads\/2021\/07\/Herencia-Alte\u0301s-Vinya.jpeg\" alt=\"Alte Reben der Garnacha Blanca, Weingut Herenc\u00eda Alt\u00e9s, D.O. Terra Alta\" class=\"wp-image-3636\" srcset=\"https:\/\/www.vinoalma.de\/blog\/wp-content\/uploads\/2021\/07\/Herencia-Alte\u0301s-Vinya.jpeg 600w, https:\/\/www.vinoalma.de\/blog\/wp-content\/uploads\/2021\/07\/Herencia-Alte\u0301s-Vinya-300x200.jpeg 300w\" sizes=\"(max-width: 600px) 100vw, 600px\" \/><figcaption>Alte Reben der Garnacha Blanca, Weingut Herenc\u00eda Alt\u00e9s, D.O. Terra Alta<\/figcaption><\/figure><\/div>\n\n\n\n<h2 class=\"wp-block-heading\"><strong>Die wichtigsten Weingebiete<\/strong><\/h2>\n\n\n\n<p>Die wei\u00dfe Garnacha ist au\u00dferhalb Spaniens vor allem im s\u00fcdfranz\u00f6sischen Languedoc-Roussillon verbreitet, wo sie \u201eGrenache Blanc\u201c hei\u00dft. In Spanien findet man ihre Reben nahezu ausschlie\u00dflich im Ebro-Gebiet &#8211; abgesehen von kleineren Best\u00e4nden in der Sierra de Gredos nahe Madrid.&nbsp;<\/p>\n\n\n\n<p>In der Rioja &#8211; am Oberlauf des Ebro &#8211; ist sie eine klassische Verschnittsorte mit Viura. Je weiter man dem Flusslauf des Ebros in Richtung Mittelmehr folgt, umso \u00f6fter trifft man die Garnacha Blanca in Appellation wie Terra Alta, Montsant und Priorat sortenrein an.&nbsp;<\/p>\n\n\n\n<p>Nirgends kommt Garnacha Blanca h\u00e4ufiger im Anbau als in der katalanischen <a href=\"https:\/\/www.vinoalma.de\/blog\/2020\/05\/29\/terra-alta-sant-josep-vins\/\">D.O. Terra Alta<\/a> vor. Dieses landschaftlich reizvolle, von Bergen umgebene Weingebiet, das von kleinteiligen terrassierten Parzellen gepr\u00e4gt ist, h\u00e4lt 75 Prozent aller spanischen und 33 Prozent der weltweiten Anbaufl\u00e4chen. <\/p>\n\n\n\n<p>In Terra Alta (\u201eHohes Land\u201c) profitiert die Sorte von den H\u00f6henlagen, k\u00fchlenden Winden und Kalk-Lehm-B\u00f6den im Gebiet. In Kombination mit einem trockenen mediterranen Klima, das sich hervorragend f\u00fcr biologischen Anbau eignet, stellt das Terroir in Terra Alta quasi ein \u201eParadies\u201c f\u00fcr die hitzeresistente Garnacha Blanca dar.<\/p>\n\n\n\n<h2 class=\"wp-block-heading\"><strong>Garnacha Blanca im Vino&amp;Alma-Shop<\/strong><\/h2>\n\n\n\n<p>Nicht nur die meisten, sondern ebenso die besten Garnacha Blancas der Welt kommen aus der D.O. Terra Alta. Das besagen zumindest die Ergebnisse von Blindverkostungen, die Fachmedien wie Decanter durchf\u00fchren. <\/p>\n\n\n\n<p>Eins der absoluten Top-Weing\u00fcter der Appellation ist Her\u00e8ncia Alt\u00e9s.&nbsp;Das junge Weingut &#8211; im Jahr 2010 gegr\u00fcndet &#8211; wird vom Ehepaar Nuria Alt\u00e9s und Rafael de Haan betrieben. Sie arbeiten biologisch und erzeugen diverse Weine aus Garnacha Blanca (und ebenso aus den roten Garnacha-Sorten \u201eTinta\u201c und \u201ePeluda\u201c). Die Reben sind teils \u00fcber 100 Jahre alt; sie ergeben niedrige Ertr\u00e4ge von hoher Qualit\u00e4t.&nbsp;<\/p>\n\n\n\n<p>Neben einer sorgf\u00e4ltigen Bearbeitung ihrer Weinberge praktizieren Nuria und Rafael eine zeitversetzte Weinlese wie zuvor beschrieben: Mit den unterschiedlichen Lesezeitpunkten erhalten sie sowohl s\u00e4urereiche als auch vollreife Trauben. Diese aufw\u00e4ndige Mehrarbeit lohnt sich, da sie zu einer beeindruckenden Balance der Weine f\u00fchrt.&nbsp;<\/p>\n\n\n\n<div class=\"wp-block-image\"><figure class=\"aligncenter size-large\"><img decoding=\"async\" loading=\"lazy\" width=\"600\" height=\"400\" src=\"https:\/\/www.vinoalma.de\/blog\/wp-content\/uploads\/2021\/07\/Herencia-Alte\u0301s-Entorn.jpeg\" alt=\"Blick auf das Weingut und Weinberge von Herencia Alt\u00e9s\" class=\"wp-image-3638\" srcset=\"https:\/\/www.vinoalma.de\/blog\/wp-content\/uploads\/2021\/07\/Herencia-Alte\u0301s-Entorn.jpeg 600w, https:\/\/www.vinoalma.de\/blog\/wp-content\/uploads\/2021\/07\/Herencia-Alte\u0301s-Entorn-300x200.jpeg 300w\" sizes=\"(max-width: 600px) 100vw, 600px\" \/><figcaption>Blick auf das Weingut und Weinberge von Herencia Alt\u00e9s<\/figcaption><\/figure><\/div>\n\n\n\n<p>Zudem pressen Her\u00e8ncia Alt\u00e9s die ganzen Trauben mit Stielen. Dies bedeutet doppelt so viel Arbeit, weil in die Presse zweieinhalb mal mehr entrappte Beeren passen w\u00fcrden. Da Nuria und Rafael erg\u00e4nzend dazu nur den hochwertigen Vorlaufmost verwenden, also jenen mit dem wenigsten Schalenkontakt, vermeiden sie die Bitternoten f\u00fcr die Garnacha Blanca fr\u00fcher so ber\u00fcchtigt war. Im Resultat entstehen gro\u00dfartige mediterrane Wei\u00dfweine mit Frische und Eleganz und einer transparenten Fruchtaromatik.<\/p>\n\n\n\n<p>Die Weine von Her\u00e8ncia Alt\u00e9s sind im Vino&amp;Alma-Shop <a href=\"https:\/\/www.vinoalma.de\/suchen?controller=search&amp;s=herencia+altes\" target=\"_blank\" rel=\"noreferrer noopener\">\u00fcber diesen Link<\/a> beziehbar.<\/p>\n","protected":false},"excerpt":{"rendered":"<p>Seit drei\u00dfig Jahren erleben spanische Wei\u00dfweine einen beeindruckenden Aufstieg bez\u00fcglich Qualit\u00e4t und Popularit\u00e4t. Es begann in den 1990er-Jahren mit den Rebsorten Albari\u00f1o und Verdejo, deren spritzig-frische Wei\u00dfweine zu einem bis heute anhaltenden Boom in den Anbaugebieten D.O. Rias Baixas und D.O. Rueda f\u00fchrten. In den 2000er-Jahren folgte die galicische Godello als wei\u00dfe Trendrebe, was sie &hellip; <a href=\"https:\/\/www.vinoalma.de\/blog\/2021\/07\/16\/garnacha-blanca-kataloniens-heimlicher-star\/\" class=\"more-link\">Continue reading <span class=\"screen-reader-text\">Garnacha Blanca &#8211; Kataloniens heimlicher Star<\/span><\/a><\/p>\n","protected":false},"author":5,"featured_media":2684,"comment_status":"closed","ping_status":"closed","sticky":false,"template":"","format":"standard","meta":{"_mi_skip_tracking":false},"categories":[88,87],"tags":[],"yoast_head":"<!-- This site is optimized with the Yoast SEO plugin v20.6 - https:\/\/yoast.com\/wordpress\/plugins\/seo\/ -->\n<title>Garnacha Blanca - Kataloniens heimlicher Star - Vino&amp;Alma Weinmagazin<\/title>\n<meta name=\"description\" content=\"Die wei\u00dfe Rebsorte Garnacha Blanca ist ein neuer Stern am katalanischen Weinhimmel. Wir stellen die Traube und ein wichtiges Anbaugebiet vor.\" \/>\n<meta name=\"robots\" content=\"index, follow, max-snippet:-1, max-image-preview:large, max-video-preview:-1\" \/>\n<link rel=\"canonical\" href=\"https:\/\/www.vinoalma.de\/blog\/2021\/07\/16\/garnacha-blanca-kataloniens-heimlicher-star\/\" \/>\n<meta property=\"og:locale\" content=\"de_DE\" \/>\n<meta property=\"og:type\" content=\"article\" \/>\n<meta property=\"og:title\" content=\"Garnacha Blanca - Kataloniens heimlicher Star - Vino&amp;Alma Weinmagazin\" \/>\n<meta property=\"og:description\" content=\"Die wei\u00dfe Rebsorte Garnacha Blanca ist ein neuer Stern am katalanischen Weinhimmel. Wir stellen die Traube und ein wichtiges Anbaugebiet vor.\" \/>\n<meta property=\"og:url\" content=\"https:\/\/www.vinoalma.de\/blog\/2021\/07\/16\/garnacha-blanca-kataloniens-heimlicher-star\/\" \/>\n<meta property=\"og:site_name\" content=\"Vino&amp;Alma Weinmagazin\" \/>\n<meta property=\"article:published_time\" content=\"2021-07-16T11:04:00+00:00\" \/>\n<meta property=\"article:modified_time\" content=\"2021-07-15T19:05:14+00:00\" \/>\n<meta property=\"og:image\" content=\"https:\/\/www.vinoalma.de\/blog\/wp-content\/uploads\/2020\/05\/Titel-Sant-Josep.jpg\" \/>\n\t<meta property=\"og:image:width\" content=\"750\" \/>\n\t<meta property=\"og:image:height\" content=\"400\" \/>\n\t<meta property=\"og:image:type\" content=\"image\/jpeg\" \/>\n<meta name=\"author\" content=\"Thomas G\u00f6tz\" \/>\n<meta name=\"twitter:card\" content=\"summary_large_image\" \/>\n<meta name=\"twitter:label1\" content=\"Verfasst von\" \/>\n\t<meta name=\"twitter:data1\" content=\"Thomas G\u00f6tz\" \/>\n\t<meta name=\"twitter:label2\" content=\"Gesch\u00e4tzte Lesezeit\" \/>\n\t<meta name=\"twitter:data2\" content=\"5 Minuten\" \/>\n<script type=\"application\/ld+json\" class=\"yoast-schema-graph\">{\"@context\":\"https:\/\/schema.org\",\"@graph\":[{\"@type\":\"WebPage\",\"@id\":\"https:\/\/www.vinoalma.de\/blog\/2021\/07\/16\/garnacha-blanca-kataloniens-heimlicher-star\/\",\"url\":\"https:\/\/www.vinoalma.de\/blog\/2021\/07\/16\/garnacha-blanca-kataloniens-heimlicher-star\/\",\"name\":\"Garnacha Blanca - Kataloniens heimlicher Star - Vino&amp;Alma Weinmagazin\",\"isPartOf\":{\"@id\":\"https:\/\/www.vinoalma.de\/blog\/#website\"},\"datePublished\":\"2021-07-16T11:04:00+00:00\",\"dateModified\":\"2021-07-15T19:05:14+00:00\",\"author\":{\"@id\":\"https:\/\/www.vinoalma.de\/blog\/#\/schema\/person\/6f3c021d497ee8aa6afa972003456398\"},\"description\":\"Die wei\u00dfe Rebsorte Garnacha Blanca ist ein neuer Stern am katalanischen Weinhimmel. Wir stellen die Traube und ein wichtiges Anbaugebiet vor.\",\"breadcrumb\":{\"@id\":\"https:\/\/www.vinoalma.de\/blog\/2021\/07\/16\/garnacha-blanca-kataloniens-heimlicher-star\/#breadcrumb\"},\"inLanguage\":\"de-DE\",\"potentialAction\":[{\"@type\":\"ReadAction\",\"target\":[\"https:\/\/www.vinoalma.de\/blog\/2021\/07\/16\/garnacha-blanca-kataloniens-heimlicher-star\/\"]}]},{\"@type\":\"BreadcrumbList\",\"@id\":\"https:\/\/www.vinoalma.de\/blog\/2021\/07\/16\/garnacha-blanca-kataloniens-heimlicher-star\/#breadcrumb\",\"itemListElement\":[{\"@type\":\"ListItem\",\"position\":1,\"name\":\"Home\",\"item\":\"https:\/\/www.vinoalma.de\/blog\/\"},{\"@type\":\"ListItem\",\"position\":2,\"name\":\"Kategorien\",\"item\":\"https:\/\/www.vinoalma.de\/blog\/category\/kategorien\/\"},{\"@type\":\"ListItem\",\"position\":3,\"name\":\"Rebsorten\",\"item\":\"https:\/\/www.vinoalma.de\/blog\/category\/kategorien\/rebsorten\/\"},{\"@type\":\"ListItem\",\"position\":4,\"name\":\"Garnacha Blanca &#8211; Kataloniens heimlicher Star\"}]},{\"@type\":\"WebSite\",\"@id\":\"https:\/\/www.vinoalma.de\/blog\/#website\",\"url\":\"https:\/\/www.vinoalma.de\/blog\/\",\"name\":\"Vino&amp;Alma Weinmagazin\",\"description\":\"Willkommen beim Weinmagazin von Vino&amp;Alma. Hier finden Sie Informationen \u00fcber spanischen Weine, Weing\u00fcter und Anbaugebiete sowie generell Wissenswertes zum Thema Wein &amp; Kulinarik. \",\"potentialAction\":[{\"@type\":\"SearchAction\",\"target\":{\"@type\":\"EntryPoint\",\"urlTemplate\":\"https:\/\/www.vinoalma.de\/blog\/?s={search_term_string}\"},\"query-input\":\"required name=search_term_string\"}],\"inLanguage\":\"de-DE\"},{\"@type\":\"Person\",\"@id\":\"https:\/\/www.vinoalma.de\/blog\/#\/schema\/person\/6f3c021d497ee8aa6afa972003456398\",\"name\":\"Thomas G\u00f6tz\",\"image\":{\"@type\":\"ImageObject\",\"inLanguage\":\"de-DE\",\"@id\":\"https:\/\/www.vinoalma.de\/blog\/#\/schema\/person\/image\/\",\"url\":\"https:\/\/secure.gravatar.com\/avatar\/2921262b95c583980c07bb351d550484?s=96&d=mm&r=g\",\"contentUrl\":\"https:\/\/secure.gravatar.com\/avatar\/2921262b95c583980c07bb351d550484?s=96&d=mm&r=g\",\"caption\":\"Thomas G\u00f6tz\"},\"url\":\"https:\/\/www.vinoalma.de\/blog\/author\/thomas\/\"}]}<\/script>\n<!-- \/ Yoast SEO plugin. -->","yoast_head_json":{"title":"Garnacha Blanca - Kataloniens heimlicher Star - Vino&amp;Alma Weinmagazin","description":"Die wei\u00dfe Rebsorte Garnacha Blanca ist ein neuer Stern am katalanischen Weinhimmel. Wir stellen die Traube und ein wichtiges Anbaugebiet vor.","robots":{"index":"index","follow":"follow","max-snippet":"max-snippet:-1","max-image-preview":"max-image-preview:large","max-video-preview":"max-video-preview:-1"},"canonical":"https:\/\/www.vinoalma.de\/blog\/2021\/07\/16\/garnacha-blanca-kataloniens-heimlicher-star\/","og_locale":"de_DE","og_type":"article","og_title":"Garnacha Blanca - Kataloniens heimlicher Star - Vino&amp;Alma Weinmagazin","og_description":"Die wei\u00dfe Rebsorte Garnacha Blanca ist ein neuer Stern am katalanischen Weinhimmel. Wir stellen die Traube und ein wichtiges Anbaugebiet vor.","og_url":"https:\/\/www.vinoalma.de\/blog\/2021\/07\/16\/garnacha-blanca-kataloniens-heimlicher-star\/","og_site_name":"Vino&amp;Alma Weinmagazin","article_published_time":"2021-07-16T11:04:00+00:00","article_modified_time":"2021-07-15T19:05:14+00:00","og_image":[{"width":750,"height":400,"url":"https:\/\/www.vinoalma.de\/blog\/wp-content\/uploads\/2020\/05\/Titel-Sant-Josep.jpg","type":"image\/jpeg"}],"author":"Thomas G\u00f6tz","twitter_card":"summary_large_image","twitter_misc":{"Verfasst von":"Thomas G\u00f6tz","Gesch\u00e4tzte Lesezeit":"5 Minuten"},"schema":{"@context":"https:\/\/schema.org","@graph":[{"@type":"WebPage","@id":"https:\/\/www.vinoalma.de\/blog\/2021\/07\/16\/garnacha-blanca-kataloniens-heimlicher-star\/","url":"https:\/\/www.vinoalma.de\/blog\/2021\/07\/16\/garnacha-blanca-kataloniens-heimlicher-star\/","name":"Garnacha Blanca - Kataloniens heimlicher Star - Vino&amp;Alma Weinmagazin","isPartOf":{"@id":"https:\/\/www.vinoalma.de\/blog\/#website"},"datePublished":"2021-07-16T11:04:00+00:00","dateModified":"2021-07-15T19:05:14+00:00","author":{"@id":"https:\/\/www.vinoalma.de\/blog\/#\/schema\/person\/6f3c021d497ee8aa6afa972003456398"},"description":"Die wei\u00dfe Rebsorte Garnacha Blanca ist ein neuer Stern am katalanischen Weinhimmel. Wir stellen die Traube und ein wichtiges Anbaugebiet vor.","breadcrumb":{"@id":"https:\/\/www.vinoalma.de\/blog\/2021\/07\/16\/garnacha-blanca-kataloniens-heimlicher-star\/#breadcrumb"},"inLanguage":"de-DE","potentialAction":[{"@type":"ReadAction","target":["https:\/\/www.vinoalma.de\/blog\/2021\/07\/16\/garnacha-blanca-kataloniens-heimlicher-star\/"]}]},{"@type":"BreadcrumbList","@id":"https:\/\/www.vinoalma.de\/blog\/2021\/07\/16\/garnacha-blanca-kataloniens-heimlicher-star\/#breadcrumb","itemListElement":[{"@type":"ListItem","position":1,"name":"Home","item":"https:\/\/www.vinoalma.de\/blog\/"},{"@type":"ListItem","position":2,"name":"Kategorien","item":"https:\/\/www.vinoalma.de\/blog\/category\/kategorien\/"},{"@type":"ListItem","position":3,"name":"Rebsorten","item":"https:\/\/www.vinoalma.de\/blog\/category\/kategorien\/rebsorten\/"},{"@type":"ListItem","position":4,"name":"Garnacha Blanca &#8211; Kataloniens heimlicher Star"}]},{"@type":"WebSite","@id":"https:\/\/www.vinoalma.de\/blog\/#website","url":"https:\/\/www.vinoalma.de\/blog\/","name":"Vino&amp;Alma Weinmagazin","description":"Willkommen beim Weinmagazin von Vino&amp;Alma. Hier finden Sie Informationen \u00fcber spanischen Weine, Weing\u00fcter und Anbaugebiete sowie generell Wissenswertes zum Thema Wein &amp; Kulinarik. ","potentialAction":[{"@type":"SearchAction","target":{"@type":"EntryPoint","urlTemplate":"https:\/\/www.vinoalma.de\/blog\/?s={search_term_string}"},"query-input":"required name=search_term_string"}],"inLanguage":"de-DE"},{"@type":"Person","@id":"https:\/\/www.vinoalma.de\/blog\/#\/schema\/person\/6f3c021d497ee8aa6afa972003456398","name":"Thomas G\u00f6tz","image":{"@type":"ImageObject","inLanguage":"de-DE","@id":"https:\/\/www.vinoalma.de\/blog\/#\/schema\/person\/image\/","url":"https:\/\/secure.gravatar.com\/avatar\/2921262b95c583980c07bb351d550484?s=96&d=mm&r=g","contentUrl":"https:\/\/secure.gravatar.com\/avatar\/2921262b95c583980c07bb351d550484?s=96&d=mm&r=g","caption":"Thomas G\u00f6tz"},"url":"https:\/\/www.vinoalma.de\/blog\/author\/thomas\/"}]}},"_links":{"self":[{"href":"https:\/\/www.vinoalma.de\/blog\/wp-json\/wp\/v2\/posts\/3627"}],"collection":[{"href":"https:\/\/www.vinoalma.de\/blog\/wp-json\/wp\/v2\/posts"}],"about":[{"href":"https:\/\/www.vinoalma.de\/blog\/wp-json\/wp\/v2\/types\/post"}],"author":[{"embeddable":true,"href":"https:\/\/www.vinoalma.de\/blog\/wp-json\/wp\/v2\/users\/5"}],"replies":[{"embeddable":true,"href":"https:\/\/www.vinoalma.de\/blog\/wp-json\/wp\/v2\/comments?post=3627"}],"version-history":[{"count":11,"href":"https:\/\/www.vinoalma.de\/blog\/wp-json\/wp\/v2\/posts\/3627\/revisions"}],"predecessor-version":[{"id":3640,"href":"https:\/\/www.vinoalma.de\/blog\/wp-json\/wp\/v2\/posts\/3627\/revisions\/3640"}],"wp:featuredmedia":[{"embeddable":true,"href":"https:\/\/www.vinoalma.de\/blog\/wp-json\/wp\/v2\/media\/2684"}],"wp:attachment":[{"href":"https:\/\/www.vinoalma.de\/blog\/wp-json\/wp\/v2\/media?parent=3627"}],"wp:term":[{"taxonomy":"category","embeddable":true,"href":"https:\/\/www.vinoalma.de\/blog\/wp-json\/wp\/v2\/categories?post=3627"},{"taxonomy":"post_tag","embeddable":true,"href":"https:\/\/www.vinoalma.de\/blog\/wp-json\/wp\/v2\/tags?post=3627"}],"curies":[{"name":"wp","href":"https:\/\/api.w.org\/{rel}","templated":true}]}}