{"id":3472,"date":"2021-06-13T01:05:00","date_gmt":"2021-06-12T23:05:00","guid":{"rendered":"https:\/\/www.vinoalma.de\/blog\/?p=3472"},"modified":"2021-07-12T19:03:02","modified_gmt":"2021-07-12T17:03:02","slug":"spanischer-cava-im-wandel","status":"publish","type":"post","link":"https:\/\/www.vinoalma.de\/blog\/2021\/06\/13\/spanischer-cava-im-wandel\/","title":{"rendered":"Cava im Wandel"},"content":{"rendered":"\n<p>Spaniens ber\u00fchmtester Schaumwein &#8211; der Cava &#8211; befindet sich im Wandel. So hat der Kontrollrat der Appellation D.O. Cava im vergangenen Jahr ein neues Regelwerk zu Herkunfts- und Reifeangaben beschlossen, das ab Sommer 2021 in Kraft tritt. F\u00fcr Cava-Liebhaber bringt das neue Reglement viele Vorteile und mehr Transparenz mit sich. Im Folgenden Beitrag erkl\u00e4ren wir die wichtigsten Neuerungen und \u00c4nderungen bei Cava.<\/p>\n\n\n\n<h2 class=\"wp-block-heading\"><strong>Die Entstehung von Cava<\/strong><\/h2>\n\n\n\n<p>Zuerst ein bisschen Geschichte: Im Jahr 1872 f\u00fchrte Josep Raventos die Champagner-Methode in Katalonien ein. Zwar erzeugten katalanische Winzer bereits davor Schaumweine, aber eben nicht im klassischen Verfahren mit der zweiten G\u00e4rung in der Flasche, welches wir <a href=\"https:\/\/www.vinoalma.de\/blog\/2019\/12\/06\/cava-spanien\/\">in diesem Beitrag<\/a> bereits genauer beschrieben und erkl\u00e4rt haben.&nbsp;<\/p>\n\n\n\n<p>Anfangs hie\u00dfen die katalanischen Schaumweine noch \u201eXampagny\u201c. Der Name Cava (katalanisch: Keller bzw. H\u00f6hle) etablierte sich erst so langsam ab den 1960er-Jahren. Cava stand damals schlichtweg f\u00fcr einen Schaumwein, der nach traditioneller Methode erzeugt wird. Das Zentrum dieser Schaumweine war stets Katalonien, insbesondere das Pened\u00e8s-Gebiet. Doch auch in Aragon, La Rioja, Valencia und der Extremadura fanden sich Weing\u00fcter, die mit der klassischen Methode arbeiteten.<\/p>\n\n\n\n<p>Erst als 1986 die Appellation D.O. Cava gegr\u00fcndet wurde, kam zur Herstellungsmethode nun auch eine geografische Komponente hinzu: Den Namen &#8222;Cava&#8220; durfte fortan nur noch tragen, was zum einen nach traditioneller Methode gekeltert wurde und zum anderen aus einem Gebiet stammt, das der Cava-Zone angeh\u00f6rt. Aus historischen Gr\u00fcnden wurden bestimmte Gemeinden der zuvor genannten autonomen Regionen Aragon, La Rioja, Valencia und Extremadura deshalb mit in die Cava-Appellation aufgenommen, was wiederum bedeutet, dass es sich um kein geografisch zusammenh\u00e4ngendes Gebiet handelt.&nbsp;<\/p>\n\n\n\n<h2 class=\"wp-block-heading\"><strong>Die neuen Zonen der D.O. Cava<\/strong><\/h2>\n\n\n\n<p>Obwohl spanischer Cava aufgrund der verschiedenen geografischen Gebiete sehr heterogen ist, war f\u00fcr Weintrinker bislang auf dem Etikett nicht ersichtlich, von woher ein Cava genau kommt. Dies \u00e4ndert sich ab sofort: Die D.O. Cava hat im Jahr 2020 die Appallation neu in vier Zonen eingeteilt:<\/p>\n\n\n\n<ul><li>Die Zone <strong>Comtats de Barcelona<\/strong> umfasst alle katalanischen Cava-Gebiete. Aus dieser Zone stammen \u00fcber 90 Prozent aller erzeugter Cavas. Comtats de Barcelona ist wiederum in f\u00fcnf Subzonen unterteilt. Die wichtigste Subzone darunter ist \u201eValls d\u2019Anoia-Foix\u201c. In dieser Subzone liegt das Pened\u00e8s-Gebiet, das allein auf \u00fcber 75% der Cava-Gesamtproduktion kommt.<\/li><li>Die Zone <strong>Valle del Ebro<\/strong> deckt diverse kleinere Cava-Gebiete in den autonomen Gemeinschaften Aragon und La Rioja ab. Diese Zone enth\u00e4lt zwei Subzonen: Alto Ebro (La Rioja) und Valle del Cierzo (Aragon).<\/li><li>Die Zone <strong>Altos de Levante<\/strong> deckt ein Cava-Gebiet in der Region Valencia ab.<\/li><li>Die Zone <strong>Vinedos de Almendralejo<\/strong> deckt ein Cava-Gebiet in der Extremadura ab.<\/li><\/ul>\n\n\n\n<p><strong>In Zukunft werden diese Zonen und Subzonen auf dem R\u00fccketikett eines jeden Cavas genannt.<\/strong> Somit erfahren wir Verbraucher nun Genaueres \u00fcber die konkrete Herkunft des Schaumweins. Dies macht absolut Sinn, denn das Terroir in der Extremadura (kontinentales Klima) ist nun einmal v\u00f6llig anders als jenes in Katalonien (mediterranes Klima) oder in La Rioja (mit einem atlantischem Einfluss). Die einzige Frage, die sich hierbei stellt: Warum eigentlich erst jetzt diese Einteilung in Zonen und nicht schon viel fr\u00fcher?<\/p>\n\n\n\n<figure class=\"wp-block-image size-large\"><img decoding=\"async\" loading=\"lazy\" width=\"600\" height=\"401\" src=\"https:\/\/www.vinoalma.de\/blog\/wp-content\/uploads\/2021\/06\/Cava.png\" alt=\"Karte der D.O. Cava mit den vier neuen Zonen\" class=\"wp-image-3484\" srcset=\"https:\/\/www.vinoalma.de\/blog\/wp-content\/uploads\/2021\/06\/Cava.png 600w, https:\/\/www.vinoalma.de\/blog\/wp-content\/uploads\/2021\/06\/Cava-300x201.png 300w\" sizes=\"(max-width: 600px) 100vw, 600px\" \/><\/figure>\n\n\n\n<h2 class=\"wp-block-heading\"><strong>Neue Klassifikationen bez\u00fcglich Reifezeit<\/strong><\/h2>\n\n\n\n<p>Ein wichtiges Qualit\u00e4tskriterium bei traditionell hergestellten Schaumweinen ist die Dauer des Hefelagers in der Flasche. Eine l\u00e4ngere Reifezeit wirkt sich positiv auf Struktur und aromatische Komplexit\u00e4t des Schaumweins aus.&nbsp;<\/p>\n\n\n\n<p>Bez\u00fcglich Flaschenreife\/Hefelager hat die D.O. Cava die Klassifikationen ebenfalls neu geregelt. In Zukunft gibt es zwei Hauptkategorien:<\/p>\n\n\n\n<p>Die Basiskategorie nennt sich <strong>Cava de Guarda<\/strong>. Die Mindestlagerzeit eines Cavas vor dem Degorgieren betr\u00e4gt 9 Monate. Derzeit fallen etwa 87 Prozent aller erzeugten Cavas in diese Basiskategorie.<\/p>\n\n\n\n<p>Die Premiumkategorie <strong>Cava de Guarda Superior<\/strong> ist in drei Gruppen unterteilt:<br>1) Guarda Superior Reserva: Mindestlagerzeit 18 Monate<br>2) Guarda Superior Gran Reserva: Mindestlagerzeit 30 Monate<br>3) Guarda Superior Paraje Calificado als h\u00f6chste Kategorie: Hier ist eine Mindestlagerzeit von 36 Monaten vorgeschrieben. Zudem m\u00fcssen die Trauben aus einer klassifizierten Einzellage stammen, f\u00fcr die u.a. strengere Vorgaben zu Ernteertr\u00e4gen gelten.<\/p>\n\n\n\n<p>Hinzu kommt: <strong>Alle Cavas der Superior-Kategorie m\u00fcssen sp\u00e4testens ab 2025 aus biologischem Anbau stammen!<\/strong> Aktuell umfasst die &#8222;D.O. Cava&#8220; 38.000 Hektar Rebland, von denen sieben Prozent biologisch zertifiziert sind. Dieser Anteil wird sich in den folgenden Jahren merklich erh\u00f6hen.&nbsp;<\/p>\n\n\n\n<h2 class=\"wp-block-heading\"><strong>Neues Siegel: Elaborador Integral<\/strong><\/h2>\n\n\n\n<p>Last, but not least k\u00f6nnen Weing\u00fcter, die den gesamten Produktionsprozess vom Anbau der Trauben bis zur Abf\u00fcllung auf ihrem eigenen Anwesen durchf\u00fchren, in Zukunft das neue Siegel \u201eElaborador Integral\u201c auf dem R\u00fccketikett platzieren.&nbsp;Mit diesem Siegel wird die Transparenz f\u00fcr jene Verbraucher verbessert, die Wert darauf legen, dass ein Wein aus einer Hand stammt (z.B. ohne Zukauf von Trauben oder Grundweinen).<\/p>\n\n\n\n<h2 class=\"wp-block-heading\"><strong>Spanischer Cava und ein Fazit zum neuen Reglement<\/strong><\/h2>\n\n\n\n<p>Das Thema spanischer Cava wird komplexer und vielseitiger. Die neu eigef\u00fchrten Siegel, Zonen und Klassifikationen der D.O. Cava verlangen von Verbrauchern mehr Vorwissen, da sie recht umfangreich sind. Als Leserin und Leser dieses Beitrags wissen Sie nun \u00fcber die wichtigsten \u00c4nderungen und Merkmale bei den Cavas Bescheid. Insgesamt tragen die neuen Klassifikationen zu mehr Transparenz bez\u00fcglich Herkunft und Qualit\u00e4t eines Cavas bei und sind deshalb sehr zu begr\u00fc\u00dfen.<\/p>\n\n\n\n<p>Bei so viel trockener Materie vielleicht ein Cava gef\u00e4llig? Eine Auswahl finden Sie in unserm <a href=\"https:\/\/www.vinoalma.de\/spanischer-wein\/anbaugebiete\/cava\/\" target=\"_blank\" rel=\"noreferrer noopener\">Vino&amp;Alma-Shop<\/a>.<\/p>\n","protected":false},"excerpt":{"rendered":"<p>Spaniens ber\u00fchmtester Schaumwein &#8211; der Cava &#8211; befindet sich im Wandel. So hat der Kontrollrat der Appellation D.O. Cava im vergangenen Jahr ein neues Regelwerk zu Herkunfts- und Reifeangaben beschlossen, das ab Sommer 2021 in Kraft tritt. F\u00fcr Cava-Liebhaber bringt das neue Reglement viele Vorteile und mehr Transparenz mit sich. Im Folgenden Beitrag erkl\u00e4ren wir &hellip; <a href=\"https:\/\/www.vinoalma.de\/blog\/2021\/06\/13\/spanischer-cava-im-wandel\/\" class=\"more-link\">Continue reading <span class=\"screen-reader-text\">Cava im Wandel<\/span><\/a><\/p>\n","protected":false},"author":5,"featured_media":3488,"comment_status":"closed","ping_status":"closed","sticky":false,"template":"","format":"standard","meta":{"_mi_skip_tracking":false},"categories":[89,85],"tags":[],"yoast_head":"<!-- This site is optimized with the Yoast SEO plugin v20.6 - https:\/\/yoast.com\/wordpress\/plugins\/seo\/ -->\n<title>Spanischer Cava im Wandel - neue Zonen und Klassifikationen<\/title>\n<meta name=\"description\" content=\"Spanischer Cava unterliegt einem neuen Reglement, welches mehr Transparenz bez\u00fcglich Herkunft und Qualit\u00e4tsstufen von Cavas bietet.\" \/>\n<meta name=\"robots\" content=\"index, follow, max-snippet:-1, max-image-preview:large, max-video-preview:-1\" \/>\n<link rel=\"canonical\" href=\"https:\/\/www.vinoalma.de\/blog\/2021\/06\/13\/spanischer-cava-im-wandel\/\" \/>\n<meta property=\"og:locale\" content=\"de_DE\" \/>\n<meta property=\"og:type\" content=\"article\" \/>\n<meta property=\"og:title\" content=\"Spanischer Cava im Wandel - neue Zonen und Klassifikationen\" \/>\n<meta property=\"og:description\" content=\"Spanischer Cava unterliegt einem neuen Reglement, welches mehr Transparenz bez\u00fcglich Herkunft und Qualit\u00e4tsstufen von Cavas bietet.\" \/>\n<meta property=\"og:url\" content=\"https:\/\/www.vinoalma.de\/blog\/2021\/06\/13\/spanischer-cava-im-wandel\/\" \/>\n<meta property=\"og:site_name\" content=\"Vino&amp;Alma Weinmagazin\" \/>\n<meta property=\"article:published_time\" content=\"2021-06-12T23:05:00+00:00\" \/>\n<meta property=\"article:modified_time\" content=\"2021-07-12T17:03:02+00:00\" \/>\n<meta property=\"og:image\" content=\"https:\/\/www.vinoalma.de\/blog\/wp-content\/uploads\/2021\/06\/20190103_175820.jpg\" \/>\n\t<meta property=\"og:image:width\" content=\"750\" \/>\n\t<meta property=\"og:image:height\" content=\"470\" \/>\n\t<meta property=\"og:image:type\" content=\"image\/jpeg\" \/>\n<meta name=\"author\" content=\"Thomas G\u00f6tz\" \/>\n<meta name=\"twitter:card\" content=\"summary_large_image\" \/>\n<meta name=\"twitter:label1\" content=\"Verfasst von\" \/>\n\t<meta name=\"twitter:data1\" content=\"Thomas G\u00f6tz\" \/>\n\t<meta name=\"twitter:label2\" content=\"Gesch\u00e4tzte Lesezeit\" \/>\n\t<meta name=\"twitter:data2\" content=\"4 Minuten\" \/>\n<script type=\"application\/ld+json\" class=\"yoast-schema-graph\">{\"@context\":\"https:\/\/schema.org\",\"@graph\":[{\"@type\":\"WebPage\",\"@id\":\"https:\/\/www.vinoalma.de\/blog\/2021\/06\/13\/spanischer-cava-im-wandel\/\",\"url\":\"https:\/\/www.vinoalma.de\/blog\/2021\/06\/13\/spanischer-cava-im-wandel\/\",\"name\":\"Spanischer Cava im Wandel - neue Zonen und Klassifikationen\",\"isPartOf\":{\"@id\":\"https:\/\/www.vinoalma.de\/blog\/#website\"},\"datePublished\":\"2021-06-12T23:05:00+00:00\",\"dateModified\":\"2021-07-12T17:03:02+00:00\",\"author\":{\"@id\":\"https:\/\/www.vinoalma.de\/blog\/#\/schema\/person\/6f3c021d497ee8aa6afa972003456398\"},\"description\":\"Spanischer Cava unterliegt einem neuen Reglement, welches mehr Transparenz bez\u00fcglich Herkunft und Qualit\u00e4tsstufen von Cavas bietet.\",\"breadcrumb\":{\"@id\":\"https:\/\/www.vinoalma.de\/blog\/2021\/06\/13\/spanischer-cava-im-wandel\/#breadcrumb\"},\"inLanguage\":\"de-DE\",\"potentialAction\":[{\"@type\":\"ReadAction\",\"target\":[\"https:\/\/www.vinoalma.de\/blog\/2021\/06\/13\/spanischer-cava-im-wandel\/\"]}]},{\"@type\":\"BreadcrumbList\",\"@id\":\"https:\/\/www.vinoalma.de\/blog\/2021\/06\/13\/spanischer-cava-im-wandel\/#breadcrumb\",\"itemListElement\":[{\"@type\":\"ListItem\",\"position\":1,\"name\":\"Home\",\"item\":\"https:\/\/www.vinoalma.de\/blog\/\"},{\"@type\":\"ListItem\",\"position\":2,\"name\":\"Kategorien\",\"item\":\"https:\/\/www.vinoalma.de\/blog\/category\/kategorien\/\"},{\"@type\":\"ListItem\",\"position\":3,\"name\":\"Weinnews\",\"item\":\"https:\/\/www.vinoalma.de\/blog\/category\/kategorien\/weinnews\/\"},{\"@type\":\"ListItem\",\"position\":4,\"name\":\"Cava im Wandel\"}]},{\"@type\":\"WebSite\",\"@id\":\"https:\/\/www.vinoalma.de\/blog\/#website\",\"url\":\"https:\/\/www.vinoalma.de\/blog\/\",\"name\":\"Vino&amp;Alma Weinmagazin\",\"description\":\"Willkommen beim Weinmagazin von Vino&amp;Alma. Hier finden Sie Informationen \u00fcber spanischen Weine, Weing\u00fcter und Anbaugebiete sowie generell Wissenswertes zum Thema Wein &amp; Kulinarik. \",\"potentialAction\":[{\"@type\":\"SearchAction\",\"target\":{\"@type\":\"EntryPoint\",\"urlTemplate\":\"https:\/\/www.vinoalma.de\/blog\/?s={search_term_string}\"},\"query-input\":\"required name=search_term_string\"}],\"inLanguage\":\"de-DE\"},{\"@type\":\"Person\",\"@id\":\"https:\/\/www.vinoalma.de\/blog\/#\/schema\/person\/6f3c021d497ee8aa6afa972003456398\",\"name\":\"Thomas G\u00f6tz\",\"image\":{\"@type\":\"ImageObject\",\"inLanguage\":\"de-DE\",\"@id\":\"https:\/\/www.vinoalma.de\/blog\/#\/schema\/person\/image\/\",\"url\":\"https:\/\/secure.gravatar.com\/avatar\/2921262b95c583980c07bb351d550484?s=96&d=mm&r=g\",\"contentUrl\":\"https:\/\/secure.gravatar.com\/avatar\/2921262b95c583980c07bb351d550484?s=96&d=mm&r=g\",\"caption\":\"Thomas G\u00f6tz\"},\"url\":\"https:\/\/www.vinoalma.de\/blog\/author\/thomas\/\"}]}<\/script>\n<!-- \/ Yoast SEO plugin. -->","yoast_head_json":{"title":"Spanischer Cava im Wandel - neue Zonen und Klassifikationen","description":"Spanischer Cava unterliegt einem neuen Reglement, welches mehr Transparenz bez\u00fcglich Herkunft und Qualit\u00e4tsstufen von Cavas bietet.","robots":{"index":"index","follow":"follow","max-snippet":"max-snippet:-1","max-image-preview":"max-image-preview:large","max-video-preview":"max-video-preview:-1"},"canonical":"https:\/\/www.vinoalma.de\/blog\/2021\/06\/13\/spanischer-cava-im-wandel\/","og_locale":"de_DE","og_type":"article","og_title":"Spanischer Cava im Wandel - neue Zonen und Klassifikationen","og_description":"Spanischer Cava unterliegt einem neuen Reglement, welches mehr Transparenz bez\u00fcglich Herkunft und Qualit\u00e4tsstufen von Cavas bietet.","og_url":"https:\/\/www.vinoalma.de\/blog\/2021\/06\/13\/spanischer-cava-im-wandel\/","og_site_name":"Vino&amp;Alma Weinmagazin","article_published_time":"2021-06-12T23:05:00+00:00","article_modified_time":"2021-07-12T17:03:02+00:00","og_image":[{"width":750,"height":470,"url":"https:\/\/www.vinoalma.de\/blog\/wp-content\/uploads\/2021\/06\/20190103_175820.jpg","type":"image\/jpeg"}],"author":"Thomas G\u00f6tz","twitter_card":"summary_large_image","twitter_misc":{"Verfasst von":"Thomas G\u00f6tz","Gesch\u00e4tzte Lesezeit":"4 Minuten"},"schema":{"@context":"https:\/\/schema.org","@graph":[{"@type":"WebPage","@id":"https:\/\/www.vinoalma.de\/blog\/2021\/06\/13\/spanischer-cava-im-wandel\/","url":"https:\/\/www.vinoalma.de\/blog\/2021\/06\/13\/spanischer-cava-im-wandel\/","name":"Spanischer Cava im Wandel - neue Zonen und Klassifikationen","isPartOf":{"@id":"https:\/\/www.vinoalma.de\/blog\/#website"},"datePublished":"2021-06-12T23:05:00+00:00","dateModified":"2021-07-12T17:03:02+00:00","author":{"@id":"https:\/\/www.vinoalma.de\/blog\/#\/schema\/person\/6f3c021d497ee8aa6afa972003456398"},"description":"Spanischer Cava unterliegt einem neuen Reglement, welches mehr Transparenz bez\u00fcglich Herkunft und Qualit\u00e4tsstufen von Cavas bietet.","breadcrumb":{"@id":"https:\/\/www.vinoalma.de\/blog\/2021\/06\/13\/spanischer-cava-im-wandel\/#breadcrumb"},"inLanguage":"de-DE","potentialAction":[{"@type":"ReadAction","target":["https:\/\/www.vinoalma.de\/blog\/2021\/06\/13\/spanischer-cava-im-wandel\/"]}]},{"@type":"BreadcrumbList","@id":"https:\/\/www.vinoalma.de\/blog\/2021\/06\/13\/spanischer-cava-im-wandel\/#breadcrumb","itemListElement":[{"@type":"ListItem","position":1,"name":"Home","item":"https:\/\/www.vinoalma.de\/blog\/"},{"@type":"ListItem","position":2,"name":"Kategorien","item":"https:\/\/www.vinoalma.de\/blog\/category\/kategorien\/"},{"@type":"ListItem","position":3,"name":"Weinnews","item":"https:\/\/www.vinoalma.de\/blog\/category\/kategorien\/weinnews\/"},{"@type":"ListItem","position":4,"name":"Cava im Wandel"}]},{"@type":"WebSite","@id":"https:\/\/www.vinoalma.de\/blog\/#website","url":"https:\/\/www.vinoalma.de\/blog\/","name":"Vino&amp;Alma Weinmagazin","description":"Willkommen beim Weinmagazin von Vino&amp;Alma. Hier finden Sie Informationen \u00fcber spanischen Weine, Weing\u00fcter und Anbaugebiete sowie generell Wissenswertes zum Thema Wein &amp; Kulinarik. ","potentialAction":[{"@type":"SearchAction","target":{"@type":"EntryPoint","urlTemplate":"https:\/\/www.vinoalma.de\/blog\/?s={search_term_string}"},"query-input":"required name=search_term_string"}],"inLanguage":"de-DE"},{"@type":"Person","@id":"https:\/\/www.vinoalma.de\/blog\/#\/schema\/person\/6f3c021d497ee8aa6afa972003456398","name":"Thomas G\u00f6tz","image":{"@type":"ImageObject","inLanguage":"de-DE","@id":"https:\/\/www.vinoalma.de\/blog\/#\/schema\/person\/image\/","url":"https:\/\/secure.gravatar.com\/avatar\/2921262b95c583980c07bb351d550484?s=96&d=mm&r=g","contentUrl":"https:\/\/secure.gravatar.com\/avatar\/2921262b95c583980c07bb351d550484?s=96&d=mm&r=g","caption":"Thomas G\u00f6tz"},"url":"https:\/\/www.vinoalma.de\/blog\/author\/thomas\/"}]}},"_links":{"self":[{"href":"https:\/\/www.vinoalma.de\/blog\/wp-json\/wp\/v2\/posts\/3472"}],"collection":[{"href":"https:\/\/www.vinoalma.de\/blog\/wp-json\/wp\/v2\/posts"}],"about":[{"href":"https:\/\/www.vinoalma.de\/blog\/wp-json\/wp\/v2\/types\/post"}],"author":[{"embeddable":true,"href":"https:\/\/www.vinoalma.de\/blog\/wp-json\/wp\/v2\/users\/5"}],"replies":[{"embeddable":true,"href":"https:\/\/www.vinoalma.de\/blog\/wp-json\/wp\/v2\/comments?post=3472"}],"version-history":[{"count":22,"href":"https:\/\/www.vinoalma.de\/blog\/wp-json\/wp\/v2\/posts\/3472\/revisions"}],"predecessor-version":[{"id":3626,"href":"https:\/\/www.vinoalma.de\/blog\/wp-json\/wp\/v2\/posts\/3472\/revisions\/3626"}],"wp:featuredmedia":[{"embeddable":true,"href":"https:\/\/www.vinoalma.de\/blog\/wp-json\/wp\/v2\/media\/3488"}],"wp:attachment":[{"href":"https:\/\/www.vinoalma.de\/blog\/wp-json\/wp\/v2\/media?parent=3472"}],"wp:term":[{"taxonomy":"category","embeddable":true,"href":"https:\/\/www.vinoalma.de\/blog\/wp-json\/wp\/v2\/categories?post=3472"},{"taxonomy":"post_tag","embeddable":true,"href":"https:\/\/www.vinoalma.de\/blog\/wp-json\/wp\/v2\/tags?post=3472"}],"curies":[{"name":"wp","href":"https:\/\/api.w.org\/{rel}","templated":true}]}}