{"id":2787,"date":"2020-08-16T00:39:00","date_gmt":"2020-08-15T22:39:00","guid":{"rendered":"https:\/\/www.vinoalma.de\/blog\/?p=2787"},"modified":"2020-09-12T10:38:21","modified_gmt":"2020-09-12T08:38:21","slug":"naturkorken-weinkorken-korken-korkherstellung","status":"publish","type":"post","link":"https:\/\/www.vinoalma.de\/blog\/2020\/08\/16\/naturkorken-weinkorken-korken-korkherstellung\/","title":{"rendered":"Wichtige Verschlusssache: der Naturkorken"},"content":{"rendered":"<p>\u00dcber achtzig Prozent der weltweiten Korkproduktion kommt von der iberischen Halbinsel. Unter anderem werden daraus Korkverschl\u00fcsse f\u00fcr Weinflaschen hergestellt. Wie dieser aufw\u00e4ndige und faszinierende Prozess abl\u00e4uft und wie ein Naturkorken entsteht, erkl\u00e4ren wir in diesem Beitrag.<span class=\"Apple-converted-space\">\u00a0<\/span><\/p>\n<h2><b>Die Korkeichenw\u00e4lder der iberischen Halbinsel<\/b><\/h2>\n<p>Kork ist ein Naturprodukt, das aus der Rinde von Korkeichen gewonnen wird. Jene B\u00e4ume wachsen in weitl\u00e4ufigen Waldlandschaften, die in Spanien \u201eDehesa\u201c und in Portugal \u201eMontado\u201c genannt werden. In Spanien finden sich Korkeichenw\u00e4lder in den Regionen Andalusien, Kastilien-La Mancha, Kastilien-Le\u00f3n und vor allem in der Extremadura auf einer Gesamtfl\u00e4che von \u00fcber 500.000 Hektar. Drei\u00dfig\u00a0Prozent des weltweit genutzten Korks kommt von hier. Das Nachbarland Portugal h\u00e4lt sogar \u00fcber f\u00fcnfzig Prozent des Weltmarktanteils.<span class=\"Apple-converted-space\">\u00a0<\/span><\/p>\n<p>Der Rohstoff Kork stellt auf der iberischen Halbinsel einen nicht unbedeutenden Industriezweig mit \u00fcber 40.000 Arbeitspl\u00e4tzen dar und h\u00e4lt dar\u00fcber hinaus eine jahrhundertealte Natur- und Kulturlandschaft am Leben. Die Korkeichenw\u00e4lder Spaniens und Portugals dienen n\u00e4mlich ferner als <a href=\"https:\/\/www.vinoalma.de\/blog\/2020\/06\/27\/iberico-schinken-jamon-iberico\/\">Weideland f\u00fcr die halbwild gehaltenen Ib\u00e9rico-Schweine<\/a> und stellen wichtige Lebensr\u00e4ume f\u00fcr bedrohte Tier- und Vogelarten wie den Iberischen Luchs dar.<\/p>\n<figure id=\"attachment_2724\" aria-describedby=\"caption-attachment-2724\" style=\"width: 600px\" class=\"wp-caption alignnone\"><img decoding=\"async\" loading=\"lazy\" class=\"wp-image-2724\" src=\"https:\/\/www.vinoalma.de\/blog\/wp-content\/uploads\/2020\/06\/Cerdos-Ibericos-en-la-dehesa-Kopie.jpg\" alt=\"Iberico-Schweine in der Dehesa\" width=\"600\" height=\"400\" srcset=\"https:\/\/www.vinoalma.de\/blog\/wp-content\/uploads\/2020\/06\/Cerdos-Ibericos-en-la-dehesa-Kopie.jpg 750w, https:\/\/www.vinoalma.de\/blog\/wp-content\/uploads\/2020\/06\/Cerdos-Ibericos-en-la-dehesa-Kopie-300x200.jpg 300w, https:\/\/www.vinoalma.de\/blog\/wp-content\/uploads\/2020\/06\/Cerdos-Ibericos-en-la-dehesa-Kopie-636x424.jpg 636w\" sizes=\"(max-width: 600px) 100vw, 600px\" \/><figcaption id=\"caption-attachment-2724\" class=\"wp-caption-text\">Iberico-Schweine in der Dehesa<\/figcaption><\/figure>\n<h2><b>Eine Korkeiche kann alle neun Jahre gesch\u00e4lt werden<\/b><\/h2>\n<p>Die Korkeiche ist der einzige Baum, den man sch\u00e4len kann, ohne dass er daran Schaden nimmt. Ehe es soweit ist, muss er\u00a0mindestens zwanzig\u00a0Jahre wachsen, um\u00a0eine H\u00f6he von 1,50 Metern und einen Mindestdurchmesser von siebzig\u00a0Zentimetern zu erreichen. Im Folgenden\u00a0kann die nachwachsende Rinde regelm\u00e4\u00dfig alle neun Jahre und bis zu einem Alter von etwa 150 Jahren frisch abgezogen\u00a0werden.\u00a0Je nach Alter des Baums liegt der Ertrag\u00a0bei zwanzig\u00a0bis sechzig\u00a0Kilo Kork\u00a0pro Sch\u00e4lung.<\/p>\n<p>Korkeichen k\u00f6nnen nicht maschinell \u201ebeerntet\u201c werden. Man ben\u00f6tigt dazu zwei spezialisierte Arbeiter, von denen einer fachkundig die Schnitte setzt und der andere die Schale von den St\u00e4mmen l\u00f6st. Zur\u00fcck bleibt ein nackter Baum, der auf\u2019s Neue beginnt eine Rinde zu bilden.<span class=\"Apple-converted-space\">\u00a0<\/span><\/p>\n<p>Erst ab der dritten Sch\u00e4lung \u2013 also etwa im Alter von vierzig\u00a0Jahren \u2013 besitzt der Kork die Qualit\u00e4t, die zur Herstellung von Flaschenkorken erforderlich ist. Etwa die H\u00e4lfte des weltweit vorr\u00e4tigen Korks\u00a0wird zu Flaschenkorken verarbeitet. Die andere H\u00e4lfte wird bspw. in der Bauindustrie zu Isolierungszwecken und f\u00fcr Bodenbel\u00e4ge oder in der Modebranche bei der Herstellung von Schuhen und Taschen verwendet.<\/p>\n<figure id=\"attachment_2801\" aria-describedby=\"caption-attachment-2801\" style=\"width: 600px\" class=\"wp-caption alignnone\"><img decoding=\"async\" loading=\"lazy\" class=\"size-full wp-image-2801\" src=\"https:\/\/www.vinoalma.de\/blog\/wp-content\/uploads\/2020\/08\/Harvesting-15.jpg\" alt=\"Korken, Sch\u00e4lung der Korkeiche\" width=\"600\" height=\"400\" srcset=\"https:\/\/www.vinoalma.de\/blog\/wp-content\/uploads\/2020\/08\/Harvesting-15.jpg 600w, https:\/\/www.vinoalma.de\/blog\/wp-content\/uploads\/2020\/08\/Harvesting-15-300x200.jpg 300w\" sizes=\"(max-width: 600px) 100vw, 600px\" \/><figcaption id=\"caption-attachment-2801\" class=\"wp-caption-text\">Korkeichen k\u00f6nnen alle 9 Jahre gesch\u00e4lt werden. (Foto:\u00a0\u00a9\u00a0APCOR \/ DKV)<\/figcaption><\/figure>\n<h2><b>Die Herstellung von Korken dauert viele Monate<\/b><\/h2>\n<p>Ist die\u00a0Korkrinde\u00a0erst einmal vom Baum abgezogen, beginnt der Herstellungsprozess, den man in f\u00fcnf Stufen einteilen kann:<span class=\"Apple-converted-space\">\u00a0<\/span><\/p>\n<p>1) Zuerst wird\u00a0die Korkrinde f\u00fcr\u00a0sechs bis 24 Monate unter freiem Himmel gelagert. Dies dient dem Zweck das Material\u00a0bei gleichzeitig guter Luftzirkulation zu trocknen.<span class=\"Apple-converted-space\">\u00a0<\/span><\/p>\n<p>2) Danach wird die Korkrinde ged\u00e4mpft und auf Edelstahlpaletten abgelegt. Die Korkschalen\u00a0verlieren in\u00a0diesem Bearbeitungsschritt\u00a0ihre W\u00f6lbung und werden zu ebenen Platten.<span class=\"Apple-converted-space\">\u00a0<\/span><\/p>\n<p>3) Nach weiteren Monaten der Lagerzeit wird der Kork zur Desinfektion in hei\u00dfem Wasser f\u00fcr etwa eine Stunde gekocht. D\u00e4mpfen und Kochen gew\u00e4hrleisten zugleich eine h\u00f6here Elastizit\u00e4t \u2013 ein nicht unwichtiges Kriterium f\u00fcr das sp\u00e4tere Endprodukt.<\/p>\n<p>4) Nach der Trocknungsphase von etwa drei Wochen wird der Kork von erfahrenen Arbeitern in Bezug auf seine Qualit\u00e4tsstufen sortiert. C-Ware geht an die Bauindustrie f\u00fcr Fu\u00dfb\u00f6den und zur D\u00e4mmung. Das beste Material wird f\u00fcr Weinkorken verwendet.<span class=\"Apple-converted-space\">\u00a0<\/span><\/p>\n<p>5) Die Korkplatten\u00a0werden im weiteren Herstellungsprozess in passgerechte Teile zugeschnitten, aus denen\u00a0nun der Weinkorken maschinell gestanzt wird.<\/p>\n<p>Allein Spanien produziert auf diese Weise j\u00e4hrlich rund 3 Milliarden Flaschenkorken; Portugal kommt im selben Zeitraum sogar auf die\u00a0astronomisch klingende Zahl von 10 Milliarden St\u00fcck.<\/p>\n<figure id=\"attachment_2799\" aria-describedby=\"caption-attachment-2799\" style=\"width: 600px\" class=\"wp-caption alignnone\"><img decoding=\"async\" loading=\"lazy\" class=\"size-full wp-image-2799\" src=\"https:\/\/www.vinoalma.de\/blog\/wp-content\/uploads\/2020\/08\/B1R8077.jpg\" alt=\"\" width=\"600\" height=\"400\" srcset=\"https:\/\/www.vinoalma.de\/blog\/wp-content\/uploads\/2020\/08\/B1R8077.jpg 600w, https:\/\/www.vinoalma.de\/blog\/wp-content\/uploads\/2020\/08\/B1R8077-300x200.jpg 300w\" sizes=\"(max-width: 600px) 100vw, 600px\" \/><figcaption id=\"caption-attachment-2799\" class=\"wp-caption-text\">Eine Korkplatte wird zuges\u00e4gt (Foto:\u00a0\u00a9\u00a0APCOR \/ DKV)<\/figcaption><\/figure>\n<h2><b>Was es mit dem Korkfehler auf sich hat?<\/b><\/h2>\n<p>In Deutschland ist es mittlerweile g\u00e4ngig, dass sogar hochwertige Weine einen Schraubverschluss erhalten. Ein Grund in dieser Entwicklung liegt sicherlich darin, dass in den 1990er- und 2000er-Jahren die Fehlerquote bei Naturkorken recht hoch lag. Zu viele Weine wiesen den ber\u00fcchtigten Korkfehler auf, und so stiegen viele deutsche Winzer auf den Drehverschluss um.<span class=\"Apple-converted-space\">\u00a0<\/span><\/p>\n<p>In Spanien ist ein Drehverschluss hingegen nahezu undenkbar: Weinflaschen werden hier mit einem Korken verschlossen! Der Kunde will das so. Bestimmt hat das auch damit zu tun, dass Naturkork auf der iberischen Halbinsel zuhause ist und ein Wirtschaftszweig darstellt. Ab dem mittleren Preissegment ist bei spanischen Weinen ein Naturkorken geradezu Pflicht.<span class=\"Apple-converted-space\">\u00a0<\/span><\/p>\n<p>Man kann positiv festhalten, dass sich die Qualit\u00e4t von Naturkorken im letzten Jahrzehnt aufgrund st\u00e4rkerer Kontrollen deutlich verbessert hat. Korkfehler treten nur noch sehr selten &#8211; im niedrigen einstelligen Prozentbereich &#8211; auf.<\/p>\n<p>Der sogenannte \u201eKorkfehler\u201c wird durch Trichloranisol (TCA) ausgel\u00f6st. Das ist ein Schimmelpilz, der sich in der Korkrinde befinden kann. Ein Wein mit Korkfehler riecht dumpf und schmeckt stumpf und ist ungenie\u00dfbar.<\/p>\n<h2><b>Was macht Naturkorken als Verschluss so besonders?<\/b><\/h2>\n<p>Die aufw\u00e4ndige Ernte und Herstellung macht Naturkork zur\u00a0teuersten Verschlusssache von Weinen. Je nach G\u00fcte\u00a0kostet ein St\u00fcck\u00a013 Cent bis 1,20 Euro. Kunststoffkorken (4 bis 12 Cent) und Schraubverschl\u00fcsse (2 bis 50 Cent) sind preiswerter.<\/p>\n<p>Die h\u00f6chste Elastizit\u00e4t und Qualit\u00e4t besitzen die sogenannten \u201eGanzst\u00fcckkorken\u201c, also Korken, die aus einem einzigen Korkteil bestehen. Es gibt auch preislich g\u00fcnstigere Naturkorken, die aus mehreren Schnitzen\u00a0bzw. Korkresten zusammengeleimt oder zusammengepresst werden. Diese Exemplare\u00a0weisen aber nicht die Qualit\u00e4t eines Ganzst\u00fcckkorkens auf.<\/p>\n<figure id=\"attachment_2800\" aria-describedby=\"caption-attachment-2800\" style=\"width: 600px\" class=\"wp-caption alignnone\"><img decoding=\"async\" loading=\"lazy\" class=\"size-full wp-image-2800\" src=\"https:\/\/www.vinoalma.de\/blog\/wp-content\/uploads\/2020\/08\/IMG_6380.jpg\" alt=\"Korken\" width=\"600\" height=\"400\" srcset=\"https:\/\/www.vinoalma.de\/blog\/wp-content\/uploads\/2020\/08\/IMG_6380.jpg 600w, https:\/\/www.vinoalma.de\/blog\/wp-content\/uploads\/2020\/08\/IMG_6380-300x200.jpg 300w\" sizes=\"(max-width: 600px) 100vw, 600px\" \/><figcaption id=\"caption-attachment-2800\" class=\"wp-caption-text\">Unten im Bild ein Ganzst\u00fcckkorken. Oben ein g\u00fcnstigerer Naturkorken, der aus vielen kleinen Teilen gepresst ist.<\/figcaption><\/figure>\n<p>Ein weiterer Qualit\u00e4tsfaktor beim Naturkorken ist seine Unversehrtheit. Jeder Weintrinker kann das beim genauen Hinsehen feststellen: Bei manchen Korken finden sich Risse, die sogenannten Lentizellen. Je mehr ein Korken von solchen Rissen durchzogen ist, umso schlechter ist das: Denn der Korkverschluss durchn\u00e4sst dann leichter und l\u00e4sst schneller Fl\u00fcssigkeit durch. Au\u00dferdem trocknet er schneller aus und wird br\u00f6selig, was ebenfalls negative Auswirkungen auf den Wein haben kann.<\/p>\n<p>Andersherum gesagt: Ein nahezu lentizellenloser\u00a0Ganzst\u00fcckkorken ist der hochwertigste Stopfen\u00a0f\u00fcr Weine. Er passt sich in seiner Elastizit\u00e4t jeden Unebenheiten im Flaschenhals an, und seine Zellw\u00e4nde erlauben immer noch einen minimalen Luftaustausch, der zur optimalen Reifung lang\u00a0lagernder\u00a0Weine wichtig ist.<\/p>\n","protected":false},"excerpt":{"rendered":"<p>\u00dcber achtzig Prozent der weltweiten Korkproduktion kommt von der iberischen Halbinsel. Unter anderem werden daraus Korkverschl\u00fcsse f\u00fcr Weinflaschen hergestellt. Wie dieser aufw\u00e4ndige und faszinierende Prozess abl\u00e4uft und wie ein Naturkorken entsteht, erkl\u00e4ren wir in diesem Beitrag.\u00a0 Die Korkeichenw\u00e4lder der iberischen Halbinsel Kork ist ein Naturprodukt, das aus der Rinde von Korkeichen gewonnen wird. Jene B\u00e4ume &hellip; <a href=\"https:\/\/www.vinoalma.de\/blog\/2020\/08\/16\/naturkorken-weinkorken-korken-korkherstellung\/\" class=\"more-link\">Continue reading <span class=\"screen-reader-text\">Wichtige Verschlusssache: der Naturkorken<\/span><\/a><\/p>\n","protected":false},"author":5,"featured_media":2778,"comment_status":"closed","ping_status":"closed","sticky":false,"template":"","format":"standard","meta":{"_mi_skip_tracking":false},"categories":[1,85],"tags":[],"yoast_head":"<!-- This site is optimized with the Yoast SEO plugin v20.6 - https:\/\/yoast.com\/wordpress\/plugins\/seo\/ -->\n<title>Der Naturkorken - eine wichtige Verschlusssache f\u00fcr Wein<\/title>\n<meta name=\"description\" content=\"Naturkorken sind nach wie vor die beliebteste Verschlussache von Wein. Wie ein Korken entsteht, davon handelt dieser Beitrag.\" \/>\n<meta name=\"robots\" content=\"index, follow, max-snippet:-1, max-image-preview:large, max-video-preview:-1\" \/>\n<link rel=\"canonical\" href=\"https:\/\/www.vinoalma.de\/blog\/2020\/08\/16\/naturkorken-weinkorken-korken-korkherstellung\/\" \/>\n<meta property=\"og:locale\" content=\"de_DE\" \/>\n<meta property=\"og:type\" content=\"article\" \/>\n<meta property=\"og:title\" content=\"Der Naturkorken - eine wichtige Verschlusssache f\u00fcr Wein\" \/>\n<meta property=\"og:description\" content=\"Naturkorken sind nach wie vor die beliebteste Verschlussache von Wein. Wie ein Korken entsteht, davon handelt dieser Beitrag.\" \/>\n<meta property=\"og:url\" content=\"https:\/\/www.vinoalma.de\/blog\/2020\/08\/16\/naturkorken-weinkorken-korken-korkherstellung\/\" \/>\n<meta property=\"og:site_name\" content=\"Vino&amp;Alma Weinmagazin\" \/>\n<meta property=\"article:published_time\" content=\"2020-08-15T22:39:00+00:00\" \/>\n<meta property=\"article:modified_time\" content=\"2020-09-12T08:38:21+00:00\" \/>\n<meta property=\"og:image\" content=\"https:\/\/www.vinoalma.de\/blog\/wp-content\/uploads\/2020\/08\/B1R4977.jpg\" \/>\n\t<meta property=\"og:image:width\" content=\"750\" \/>\n\t<meta property=\"og:image:height\" content=\"500\" \/>\n\t<meta property=\"og:image:type\" content=\"image\/jpeg\" \/>\n<meta name=\"author\" content=\"Thomas G\u00f6tz\" \/>\n<meta name=\"twitter:card\" content=\"summary_large_image\" \/>\n<meta name=\"twitter:label1\" content=\"Verfasst von\" \/>\n\t<meta name=\"twitter:data1\" content=\"Thomas G\u00f6tz\" \/>\n\t<meta name=\"twitter:label2\" content=\"Gesch\u00e4tzte Lesezeit\" \/>\n\t<meta name=\"twitter:data2\" content=\"5 Minuten\" \/>\n<script type=\"application\/ld+json\" class=\"yoast-schema-graph\">{\"@context\":\"https:\/\/schema.org\",\"@graph\":[{\"@type\":\"WebPage\",\"@id\":\"https:\/\/www.vinoalma.de\/blog\/2020\/08\/16\/naturkorken-weinkorken-korken-korkherstellung\/\",\"url\":\"https:\/\/www.vinoalma.de\/blog\/2020\/08\/16\/naturkorken-weinkorken-korken-korkherstellung\/\",\"name\":\"Der Naturkorken - eine wichtige Verschlusssache f\u00fcr Wein\",\"isPartOf\":{\"@id\":\"https:\/\/www.vinoalma.de\/blog\/#website\"},\"datePublished\":\"2020-08-15T22:39:00+00:00\",\"dateModified\":\"2020-09-12T08:38:21+00:00\",\"author\":{\"@id\":\"https:\/\/www.vinoalma.de\/blog\/#\/schema\/person\/6f3c021d497ee8aa6afa972003456398\"},\"description\":\"Naturkorken sind nach wie vor die beliebteste Verschlussache von Wein. Wie ein Korken entsteht, davon handelt dieser Beitrag.\",\"breadcrumb\":{\"@id\":\"https:\/\/www.vinoalma.de\/blog\/2020\/08\/16\/naturkorken-weinkorken-korken-korkherstellung\/#breadcrumb\"},\"inLanguage\":\"de-DE\",\"potentialAction\":[{\"@type\":\"ReadAction\",\"target\":[\"https:\/\/www.vinoalma.de\/blog\/2020\/08\/16\/naturkorken-weinkorken-korken-korkherstellung\/\"]}]},{\"@type\":\"BreadcrumbList\",\"@id\":\"https:\/\/www.vinoalma.de\/blog\/2020\/08\/16\/naturkorken-weinkorken-korken-korkherstellung\/#breadcrumb\",\"itemListElement\":[{\"@type\":\"ListItem\",\"position\":1,\"name\":\"Home\",\"item\":\"https:\/\/www.vinoalma.de\/blog\/\"},{\"@type\":\"ListItem\",\"position\":2,\"name\":\"Allgemein\",\"item\":\"https:\/\/www.vinoalma.de\/blog\/category\/allgemein\/\"},{\"@type\":\"ListItem\",\"position\":3,\"name\":\"Wichtige Verschlusssache: der Naturkorken\"}]},{\"@type\":\"WebSite\",\"@id\":\"https:\/\/www.vinoalma.de\/blog\/#website\",\"url\":\"https:\/\/www.vinoalma.de\/blog\/\",\"name\":\"Vino&amp;Alma Weinmagazin\",\"description\":\"Willkommen beim Weinmagazin von Vino&amp;Alma. Hier finden Sie Informationen \u00fcber spanischen Weine, Weing\u00fcter und Anbaugebiete sowie generell Wissenswertes zum Thema Wein &amp; Kulinarik. \",\"potentialAction\":[{\"@type\":\"SearchAction\",\"target\":{\"@type\":\"EntryPoint\",\"urlTemplate\":\"https:\/\/www.vinoalma.de\/blog\/?s={search_term_string}\"},\"query-input\":\"required name=search_term_string\"}],\"inLanguage\":\"de-DE\"},{\"@type\":\"Person\",\"@id\":\"https:\/\/www.vinoalma.de\/blog\/#\/schema\/person\/6f3c021d497ee8aa6afa972003456398\",\"name\":\"Thomas G\u00f6tz\",\"image\":{\"@type\":\"ImageObject\",\"inLanguage\":\"de-DE\",\"@id\":\"https:\/\/www.vinoalma.de\/blog\/#\/schema\/person\/image\/\",\"url\":\"https:\/\/secure.gravatar.com\/avatar\/2921262b95c583980c07bb351d550484?s=96&d=mm&r=g\",\"contentUrl\":\"https:\/\/secure.gravatar.com\/avatar\/2921262b95c583980c07bb351d550484?s=96&d=mm&r=g\",\"caption\":\"Thomas G\u00f6tz\"},\"url\":\"https:\/\/www.vinoalma.de\/blog\/author\/thomas\/\"}]}<\/script>\n<!-- \/ Yoast SEO plugin. -->","yoast_head_json":{"title":"Der Naturkorken - eine wichtige Verschlusssache f\u00fcr Wein","description":"Naturkorken sind nach wie vor die beliebteste Verschlussache von Wein. Wie ein Korken entsteht, davon handelt dieser Beitrag.","robots":{"index":"index","follow":"follow","max-snippet":"max-snippet:-1","max-image-preview":"max-image-preview:large","max-video-preview":"max-video-preview:-1"},"canonical":"https:\/\/www.vinoalma.de\/blog\/2020\/08\/16\/naturkorken-weinkorken-korken-korkherstellung\/","og_locale":"de_DE","og_type":"article","og_title":"Der Naturkorken - eine wichtige Verschlusssache f\u00fcr Wein","og_description":"Naturkorken sind nach wie vor die beliebteste Verschlussache von Wein. Wie ein Korken entsteht, davon handelt dieser Beitrag.","og_url":"https:\/\/www.vinoalma.de\/blog\/2020\/08\/16\/naturkorken-weinkorken-korken-korkherstellung\/","og_site_name":"Vino&amp;Alma Weinmagazin","article_published_time":"2020-08-15T22:39:00+00:00","article_modified_time":"2020-09-12T08:38:21+00:00","og_image":[{"width":750,"height":500,"url":"https:\/\/www.vinoalma.de\/blog\/wp-content\/uploads\/2020\/08\/B1R4977.jpg","type":"image\/jpeg"}],"author":"Thomas G\u00f6tz","twitter_card":"summary_large_image","twitter_misc":{"Verfasst von":"Thomas G\u00f6tz","Gesch\u00e4tzte Lesezeit":"5 Minuten"},"schema":{"@context":"https:\/\/schema.org","@graph":[{"@type":"WebPage","@id":"https:\/\/www.vinoalma.de\/blog\/2020\/08\/16\/naturkorken-weinkorken-korken-korkherstellung\/","url":"https:\/\/www.vinoalma.de\/blog\/2020\/08\/16\/naturkorken-weinkorken-korken-korkherstellung\/","name":"Der Naturkorken - eine wichtige Verschlusssache f\u00fcr Wein","isPartOf":{"@id":"https:\/\/www.vinoalma.de\/blog\/#website"},"datePublished":"2020-08-15T22:39:00+00:00","dateModified":"2020-09-12T08:38:21+00:00","author":{"@id":"https:\/\/www.vinoalma.de\/blog\/#\/schema\/person\/6f3c021d497ee8aa6afa972003456398"},"description":"Naturkorken sind nach wie vor die beliebteste Verschlussache von Wein. Wie ein Korken entsteht, davon handelt dieser Beitrag.","breadcrumb":{"@id":"https:\/\/www.vinoalma.de\/blog\/2020\/08\/16\/naturkorken-weinkorken-korken-korkherstellung\/#breadcrumb"},"inLanguage":"de-DE","potentialAction":[{"@type":"ReadAction","target":["https:\/\/www.vinoalma.de\/blog\/2020\/08\/16\/naturkorken-weinkorken-korken-korkherstellung\/"]}]},{"@type":"BreadcrumbList","@id":"https:\/\/www.vinoalma.de\/blog\/2020\/08\/16\/naturkorken-weinkorken-korken-korkherstellung\/#breadcrumb","itemListElement":[{"@type":"ListItem","position":1,"name":"Home","item":"https:\/\/www.vinoalma.de\/blog\/"},{"@type":"ListItem","position":2,"name":"Allgemein","item":"https:\/\/www.vinoalma.de\/blog\/category\/allgemein\/"},{"@type":"ListItem","position":3,"name":"Wichtige Verschlusssache: der Naturkorken"}]},{"@type":"WebSite","@id":"https:\/\/www.vinoalma.de\/blog\/#website","url":"https:\/\/www.vinoalma.de\/blog\/","name":"Vino&amp;Alma Weinmagazin","description":"Willkommen beim Weinmagazin von Vino&amp;Alma. Hier finden Sie Informationen \u00fcber spanischen Weine, Weing\u00fcter und Anbaugebiete sowie generell Wissenswertes zum Thema Wein &amp; Kulinarik. ","potentialAction":[{"@type":"SearchAction","target":{"@type":"EntryPoint","urlTemplate":"https:\/\/www.vinoalma.de\/blog\/?s={search_term_string}"},"query-input":"required name=search_term_string"}],"inLanguage":"de-DE"},{"@type":"Person","@id":"https:\/\/www.vinoalma.de\/blog\/#\/schema\/person\/6f3c021d497ee8aa6afa972003456398","name":"Thomas G\u00f6tz","image":{"@type":"ImageObject","inLanguage":"de-DE","@id":"https:\/\/www.vinoalma.de\/blog\/#\/schema\/person\/image\/","url":"https:\/\/secure.gravatar.com\/avatar\/2921262b95c583980c07bb351d550484?s=96&d=mm&r=g","contentUrl":"https:\/\/secure.gravatar.com\/avatar\/2921262b95c583980c07bb351d550484?s=96&d=mm&r=g","caption":"Thomas G\u00f6tz"},"url":"https:\/\/www.vinoalma.de\/blog\/author\/thomas\/"}]}},"_links":{"self":[{"href":"https:\/\/www.vinoalma.de\/blog\/wp-json\/wp\/v2\/posts\/2787"}],"collection":[{"href":"https:\/\/www.vinoalma.de\/blog\/wp-json\/wp\/v2\/posts"}],"about":[{"href":"https:\/\/www.vinoalma.de\/blog\/wp-json\/wp\/v2\/types\/post"}],"author":[{"embeddable":true,"href":"https:\/\/www.vinoalma.de\/blog\/wp-json\/wp\/v2\/users\/5"}],"replies":[{"embeddable":true,"href":"https:\/\/www.vinoalma.de\/blog\/wp-json\/wp\/v2\/comments?post=2787"}],"version-history":[{"count":10,"href":"https:\/\/www.vinoalma.de\/blog\/wp-json\/wp\/v2\/posts\/2787\/revisions"}],"predecessor-version":[{"id":2837,"href":"https:\/\/www.vinoalma.de\/blog\/wp-json\/wp\/v2\/posts\/2787\/revisions\/2837"}],"wp:featuredmedia":[{"embeddable":true,"href":"https:\/\/www.vinoalma.de\/blog\/wp-json\/wp\/v2\/media\/2778"}],"wp:attachment":[{"href":"https:\/\/www.vinoalma.de\/blog\/wp-json\/wp\/v2\/media?parent=2787"}],"wp:term":[{"taxonomy":"category","embeddable":true,"href":"https:\/\/www.vinoalma.de\/blog\/wp-json\/wp\/v2\/categories?post=2787"},{"taxonomy":"post_tag","embeddable":true,"href":"https:\/\/www.vinoalma.de\/blog\/wp-json\/wp\/v2\/tags?post=2787"}],"curies":[{"name":"wp","href":"https:\/\/api.w.org\/{rel}","templated":true}]}}