{"id":2722,"date":"2020-06-27T15:00:54","date_gmt":"2020-06-27T13:00:54","guid":{"rendered":"https:\/\/www.vinoalma.de\/blog\/?p=2722"},"modified":"2020-06-27T15:00:54","modified_gmt":"2020-06-27T13:00:54","slug":"iberico-schinken-jamon-iberico","status":"publish","type":"post","link":"https:\/\/www.vinoalma.de\/blog\/2020\/06\/27\/iberico-schinken-jamon-iberico\/","title":{"rendered":"Iberico-Schinken &#8211; Spanien als Feinschmeckerland"},"content":{"rendered":"<p>Eines der ber\u00fchmtesten kulinarischen Erzeugnisse Spaniens ist der Iberico-Schinken, im Herkunftsland als Jam\u00f3n Ib\u00e9rico und manchmal auch als Pata Negra bezeichnet (obwohl der letztgenannte Begriff offiziell nicht mehr erlaubt ist). Es handelt sich hierbei um den luftgetrockneten Schinken einer heimischen Schweinerasse, die auf einzigartige Weise gehalten wird: Die Heimat der Iberico-Schweine ist die sogenannte Dehesa, eine weitl\u00e4ufige Waldlandschaft mit Stein- und Korkeichen, von deren Fr\u00fcchten sich die Schweine ern\u00e4hren. In diesem Beitrag beschreiben wir, was den Iberico-Schinken so speziell macht und welche Weine am besten als Begleiter passen.<\/p>\n<h2><b>Die Dehesa &#8211; eine Weidelandschaft f\u00fcr das Iberico-Schwein<\/b><\/h2>\n<p>Der Iberische Schinken wird aus den Hinterbeinen des Iberischen Schweins gewonnen, eine eher kleinw\u00fcchsige Rasse mit dunkler Haut und dunklem Fleisch. Das nat\u00fcrliche Zuhause der Iberico-Schweine sind die ausgedehnten Eichenw\u00e4lder Westspaniens: In der Extremadura, in Andalusien und der zu Kastilien-Le\u00f3n geh\u00f6renden Provinz Salamanca erstreckt sich die sogenannte Dehesa. Im benachbarten Portugal werden die W\u00e4lder Montado genannt. Es handelt sich um eine faszinierende Natur- und Kulturlandschaft, die Raum f\u00fcr seltene Wildtierarten und die Iberico-Schweine bietet.<span class=\"Apple-converted-space\">\u00a0<\/span><\/p>\n<p>Die Dehesa ist ein locker bewachsenes Waldgebiet aus Stein- und Korkeichen. Die Iberico-Schweine streifen halbwild durch die W\u00e4lder und Weiden und ern\u00e4hren sich dabei von Eicheln und Gras. Aus den Rinden der Korkeichen wird \u00fcbrigens auch Naturkork gewonnen, der zur Herstellung von Weinkorken dient. Aber das ist ein anderes Thema. Wir bleiben f\u00fcr jetzt beim Iberico-Schinken und dessen unterschiedlichen Qualit\u00e4tskategorien.<\/p>\n<figure id=\"attachment_2729\" aria-describedby=\"caption-attachment-2729\" style=\"width: 600px\" class=\"wp-caption aligncenter\"><img decoding=\"async\" loading=\"lazy\" class=\"size-full wp-image-2729\" src=\"https:\/\/www.vinoalma.de\/blog\/wp-content\/uploads\/2020\/06\/Montado.jpg\" alt=\"Montado Portugal\" width=\"600\" height=\"400\" srcset=\"https:\/\/www.vinoalma.de\/blog\/wp-content\/uploads\/2020\/06\/Montado.jpg 600w, https:\/\/www.vinoalma.de\/blog\/wp-content\/uploads\/2020\/06\/Montado-300x200.jpg 300w\" sizes=\"(max-width: 600px) 100vw, 600px\" \/><figcaption id=\"caption-attachment-2729\" class=\"wp-caption-text\">Typische Wald-Weidelandschaft f\u00fcr Westspanien und Portugal. In Spanien sagt man Dehesa. In diesem Fall sind wir in Portugal, wo die Landschaft Montado genannt wird (Foto: \u00a9 DKV)<\/figcaption><\/figure>\n<h2><b>Die verschiedenen Iberico-Schinken: Bellota, Recebo und Cebo<\/b><\/h2>\n<p>Iberico-Schinken gilt unangefochten als der beste Schinken der Welt. Das hat zum einen mit der hochwertigen Schweinerasse zu tun und zum anderen mit ihrer Haltung und Lebensweise. Durch das langsame Wachstum, die viele Bewegung und nat\u00fcrliche Ern\u00e4hrung der Tiere ist der Schinken enorm aromatisch und fein marmoriert. Das Fett bildet sich bei Iberico-Schweinen nicht an der Schwarte, sondern in den Muskeln. Das macht Iberico-Schinken so unnachahmlich saftig und zart.<\/p>\n<p>Es gibt drei Qualit\u00e4tskategorien des Jam\u00f3n Ib\u00e9rico. Die h\u00f6chste nennt sich \u201e<b>Bellota<\/b>\u201c. Ein Iberico-Schinken von Bellota-Qualit\u00e4t ist die absolute Kr\u00f6nung. Er stammt von Schweinen, die ihr ganzes Leben frei weiden und sich nur von Futter wie Eicheln, Wurzeln und Gras ern\u00e4hren. Bis zu 10 kg Eicheln und 3 kg Gras fressen die Tiere am Tag. Dar\u00fcber hinaus m\u00fcssen die Tiere zu mindestens 75 Prozent der Iberico-Rasse angeh\u00f6ren. Das hei\u00dft konkret: ein Elternteil muss reinrassig, das andere Elternteil mindestens zur H\u00e4lfte von der Iberico-Rasse abstammen. Last, but not least reift ein solcher <i>Jam\u00f3n Ib\u00e9rico de Bellota<\/i> f\u00fcr mindestens 36 Monate unter k\u00fchlen Bedingungen.<span class=\"Apple-converted-space\">\u00a0<\/span><\/p>\n<p>Niedriger eingestuft ist die Qualit\u00e4tskategorie \u201e<b>Cebo\u201c<\/b>. Dieser Iberische Schinken stammt von Schweinen, die mindestens zu 50 Prozent der Iberico-Rasse angeh\u00f6ren. Dar\u00fcber hinaus und im Unterschied zu Bellota sind es Schweine, die landwirtschaftlich gehalten und mit Getreide und Viehfutter gem\u00e4stet werden. Das ist ein wirklich wichtiger Unterschied: Nicht alle Iberico-Schweine laufen also frei in der Dehesa herum und ern\u00e4hren sich von Eicheln.<span class=\"Apple-converted-space\">\u00a0<\/span><\/p>\n<p>Zwischen Bellota und Cebo befindet sich die Qualit\u00e4tskategorie \u201e<b>Recebo<\/b>\u201c (auch \u201eCebo de Campo\u201c genannt). Dieser kommt von Iberischen Schweinen (mind. 50% Rasse), die zu Beginn ihres Lebens frei weiden und sich von Eicheln ern\u00e4hren. Nachdem sie ein bestimmtes Gewicht erreicht haben, werden die Tiere final im Stall gehalten und mit Futtermitteln gem\u00e4stet.<\/p>\n<figure id=\"attachment_2725\" aria-describedby=\"caption-attachment-2725\" style=\"width: 500px\" class=\"wp-caption aligncenter\"><img decoding=\"async\" loading=\"lazy\" class=\"size-full wp-image-2725\" src=\"https:\/\/www.vinoalma.de\/blog\/wp-content\/uploads\/2020\/06\/Cortar-Jamon.jpg\" alt=\"Iberico-Schinken\" width=\"500\" height=\"334\" srcset=\"https:\/\/www.vinoalma.de\/blog\/wp-content\/uploads\/2020\/06\/Cortar-Jamon.jpg 500w, https:\/\/www.vinoalma.de\/blog\/wp-content\/uploads\/2020\/06\/Cortar-Jamon-300x200.jpg 300w\" sizes=\"(max-width: 500px) 100vw, 500px\" \/><figcaption id=\"caption-attachment-2725\" class=\"wp-caption-text\">Iberico-Schinken schmeckt am besten, wenn er d\u00fcnn geschnitten und bei Raumtemperatur verzehrt wird. Dann entfaltet er seine volle Aromatik.<\/figcaption><\/figure>\n<p>Die Preise f\u00fcr Bellota, Recebo und Cebo unterscheiden sich betr\u00e4chtlich. Ein Kilogramm eines Bellota-Schinkens kann (in d\u00fcnnen Scheiben geschnitten) im Handel gut und gerne 200 Euro betragen. Bei einem Cebo-Schinken gibt es das Kilo schon einmal f\u00fcr 50 Euro oder weniger. Der Recebo liegt irgendwo dazwischen, bei zirka 100 Euro\/kg. Die Preise variieren selbstverst\u00e4ndlich abh\u00e4ngig von Erzeuger und Herstellung. Die genannten Zahlen sind eher als Richtwerte zu verstehen.<\/p>\n<p>Eine weitere Anmerkung: Ebenfalls bekannt und unter Feinschmeckern gesch\u00e4tzt, ist der spanische Serrano-Schinken. Wie der Iberico-Schinken wird er luftgetrocknet. Der <b>Unterschied zum Serrano-Schinken<\/b> besteht darin, dass dieser von einer anderen Schweinerasse stammt, n\u00e4mlich den wei\u00dfen Schweinen, wie wir sie unter anderem aus der Zuchthaltung in Deutschland kennen. Das Fleisch dieser Schweine gilt als weniger hochwertig, wenngleich es freilich ebenfalls fantastische Serrano-Schinken gibt. Das Niveau der besten Iberico-Schinken k\u00f6nnen sie jedoch nicht erreichen.<b><span class=\"Apple-converted-space\">\u00a0<\/span><\/b><\/p>\n<h2><b>Die passende Weinbegleitung zum Iberico-Schinken<\/b><\/h2>\n<p>Oft verh\u00e4lt es sich so, dass Produkte und Weine aus derselben Region gut miteinander harmonieren. Ein frischer und trockener Fino aus dem Sherry-Gebiet mit seinem Duft nach Teig, Trockenfr\u00fcchten und Ankl\u00e4ngen von Mandeln passt hervorragend zum Iberico-Schinken und kann diesem aromatisch standhalten. Ein Klassiker der andalusischen Sherry-Finos ist Tio Pepe:<\/p>\n<div class=\"custom-shop-product\" data-url=\"https:\/\/www.vinoalma.de\/tio-pepe-palomino-fino\"><div class=\"custom-shop-product--inner\"><div class=\"custom-shop-product--image\"><\/div><div class=\"custom-shop-product--content\"><div class=\"custom-shop-product--title\">Tio Pepe<\/div><div class=\"custom-shop-product--description\">Frischer, trockener Fino aus dem Sherry-Gebiet<\/div><\/div><div class=\"custom-shop-product--arrow\"><i class=\"fa fa-angle-right\"><\/i><\/div><\/div><a class=\"custom-shop-product--link\" href=\"https:\/\/www.vinoalma.de\/tio-pepe-palomino-fino\" target=\"_blank\" title=\"Tio Pepe - Frischer, trockener Fino aus dem Sherry-Gebiet \"><\/a><\/div>\n<p>Dar\u00fcber hinaus bieten sich nat\u00fcrlich Rotweine an, eher j\u00fcngere Rotweine, die frisch und fruchtig sind. Vollmundig d\u00fcrfen sie sein, aber lieber nicht allzu schwer und nicht mit zu kr\u00e4ftigem Tannin. Dies trifft auf den Vi\u00f1a Puebla aus der D.O. Ribera del Guadiana in der Extremadura zu, einem Zentrum der Erzeugung von Iberico-Schinken.<span class=\"Apple-converted-space\">\u00a0<\/span><\/p>\n<div class=\"custom-shop-product\" data-url=\"\"><div class=\"custom-shop-product--inner\"><div class=\"custom-shop-product--image\"><\/div><div class=\"custom-shop-product--content\"><div class=\"custom-shop-product--title\">Vi\u00f1a Puebla Selecci\u00f3n<\/div><div class=\"custom-shop-product--description\">Fruchtiger Rotwein aus der Extremadura<\/div><\/div><div class=\"custom-shop-product--arrow\"><i class=\"fa fa-angle-right\"><\/i><\/div><\/div><a class=\"custom-shop-product--link\" href=\"\" target=\"_blank\" title=\"Vi\u00f1a Puebla Selecci\u00f3n - Fruchtiger Rotwein aus der Extremadura \"><\/a><\/div>\n","protected":false},"excerpt":{"rendered":"<p>Eines der ber\u00fchmtesten kulinarischen Erzeugnisse Spaniens ist der Iberico-Schinken, im Herkunftsland als Jam\u00f3n Ib\u00e9rico und manchmal auch als Pata Negra bezeichnet (obwohl der letztgenannte Begriff offiziell nicht mehr erlaubt ist). Es handelt sich hierbei um den luftgetrockneten Schinken einer heimischen Schweinerasse, die auf einzigartige Weise gehalten wird: Die Heimat der Iberico-Schweine ist die sogenannte Dehesa, &hellip; <a href=\"https:\/\/www.vinoalma.de\/blog\/2020\/06\/27\/iberico-schinken-jamon-iberico\/\" class=\"more-link\">Continue reading <span class=\"screen-reader-text\">Iberico-Schinken &#8211; Spanien als Feinschmeckerland<\/span><\/a><\/p>\n","protected":false},"author":5,"featured_media":2724,"comment_status":"closed","ping_status":"closed","sticky":false,"template":"","format":"standard","meta":{"_mi_skip_tracking":false},"categories":[1,106],"tags":[],"yoast_head":"<!-- This site is optimized with the Yoast SEO plugin v20.6 - https:\/\/yoast.com\/wordpress\/plugins\/seo\/ -->\n<title>Iberico-Schinken - der beste Schinken der Welt kommt aus Spanien<\/title>\n<meta name=\"description\" content=\"Der Iberico-Schinken, auf Spanisch Jam\u00f3n Ib\u00e9rico, gilt als der beste Schinken der Welt. Was ihn so einzigartig macht, er\u00f6rtert dieser Beitrag\" \/>\n<meta name=\"robots\" content=\"index, follow, max-snippet:-1, max-image-preview:large, max-video-preview:-1\" \/>\n<link rel=\"canonical\" href=\"https:\/\/www.vinoalma.de\/blog\/2020\/06\/27\/iberico-schinken-jamon-iberico\/\" \/>\n<meta property=\"og:locale\" content=\"de_DE\" \/>\n<meta property=\"og:type\" content=\"article\" \/>\n<meta property=\"og:title\" content=\"Iberico-Schinken - der beste Schinken der Welt kommt aus Spanien\" \/>\n<meta property=\"og:description\" content=\"Der Iberico-Schinken, auf Spanisch Jam\u00f3n Ib\u00e9rico, gilt als der beste Schinken der Welt. Was ihn so einzigartig macht, er\u00f6rtert dieser Beitrag\" \/>\n<meta property=\"og:url\" content=\"https:\/\/www.vinoalma.de\/blog\/2020\/06\/27\/iberico-schinken-jamon-iberico\/\" \/>\n<meta property=\"og:site_name\" content=\"Vino&amp;Alma Weinmagazin\" \/>\n<meta property=\"article:published_time\" content=\"2020-06-27T13:00:54+00:00\" \/>\n<meta property=\"og:image\" content=\"https:\/\/www.vinoalma.de\/blog\/wp-content\/uploads\/2020\/06\/Cerdos-Ibericos-en-la-dehesa-Kopie.jpg\" \/>\n\t<meta property=\"og:image:width\" content=\"750\" \/>\n\t<meta property=\"og:image:height\" content=\"500\" \/>\n\t<meta property=\"og:image:type\" content=\"image\/jpeg\" \/>\n<meta name=\"author\" content=\"Thomas G\u00f6tz\" \/>\n<meta name=\"twitter:card\" content=\"summary_large_image\" \/>\n<meta name=\"twitter:label1\" content=\"Verfasst von\" \/>\n\t<meta name=\"twitter:data1\" content=\"Thomas G\u00f6tz\" \/>\n\t<meta name=\"twitter:label2\" content=\"Gesch\u00e4tzte Lesezeit\" \/>\n\t<meta name=\"twitter:data2\" content=\"5 Minuten\" \/>\n<script type=\"application\/ld+json\" class=\"yoast-schema-graph\">{\"@context\":\"https:\/\/schema.org\",\"@graph\":[{\"@type\":\"WebPage\",\"@id\":\"https:\/\/www.vinoalma.de\/blog\/2020\/06\/27\/iberico-schinken-jamon-iberico\/\",\"url\":\"https:\/\/www.vinoalma.de\/blog\/2020\/06\/27\/iberico-schinken-jamon-iberico\/\",\"name\":\"Iberico-Schinken - der beste Schinken der Welt kommt aus Spanien\",\"isPartOf\":{\"@id\":\"https:\/\/www.vinoalma.de\/blog\/#website\"},\"datePublished\":\"2020-06-27T13:00:54+00:00\",\"dateModified\":\"2020-06-27T13:00:54+00:00\",\"author\":{\"@id\":\"https:\/\/www.vinoalma.de\/blog\/#\/schema\/person\/6f3c021d497ee8aa6afa972003456398\"},\"description\":\"Der Iberico-Schinken, auf Spanisch Jam\u00f3n Ib\u00e9rico, gilt als der beste Schinken der Welt. Was ihn so einzigartig macht, er\u00f6rtert dieser Beitrag\",\"breadcrumb\":{\"@id\":\"https:\/\/www.vinoalma.de\/blog\/2020\/06\/27\/iberico-schinken-jamon-iberico\/#breadcrumb\"},\"inLanguage\":\"de-DE\",\"potentialAction\":[{\"@type\":\"ReadAction\",\"target\":[\"https:\/\/www.vinoalma.de\/blog\/2020\/06\/27\/iberico-schinken-jamon-iberico\/\"]}]},{\"@type\":\"BreadcrumbList\",\"@id\":\"https:\/\/www.vinoalma.de\/blog\/2020\/06\/27\/iberico-schinken-jamon-iberico\/#breadcrumb\",\"itemListElement\":[{\"@type\":\"ListItem\",\"position\":1,\"name\":\"Home\",\"item\":\"https:\/\/www.vinoalma.de\/blog\/\"},{\"@type\":\"ListItem\",\"position\":2,\"name\":\"Allgemein\",\"item\":\"https:\/\/www.vinoalma.de\/blog\/category\/allgemein\/\"},{\"@type\":\"ListItem\",\"position\":3,\"name\":\"Iberico-Schinken &#8211; Spanien als Feinschmeckerland\"}]},{\"@type\":\"WebSite\",\"@id\":\"https:\/\/www.vinoalma.de\/blog\/#website\",\"url\":\"https:\/\/www.vinoalma.de\/blog\/\",\"name\":\"Vino&amp;Alma Weinmagazin\",\"description\":\"Willkommen beim Weinmagazin von Vino&amp;Alma. Hier finden Sie Informationen \u00fcber spanischen Weine, Weing\u00fcter und Anbaugebiete sowie generell Wissenswertes zum Thema Wein &amp; Kulinarik. \",\"potentialAction\":[{\"@type\":\"SearchAction\",\"target\":{\"@type\":\"EntryPoint\",\"urlTemplate\":\"https:\/\/www.vinoalma.de\/blog\/?s={search_term_string}\"},\"query-input\":\"required name=search_term_string\"}],\"inLanguage\":\"de-DE\"},{\"@type\":\"Person\",\"@id\":\"https:\/\/www.vinoalma.de\/blog\/#\/schema\/person\/6f3c021d497ee8aa6afa972003456398\",\"name\":\"Thomas G\u00f6tz\",\"image\":{\"@type\":\"ImageObject\",\"inLanguage\":\"de-DE\",\"@id\":\"https:\/\/www.vinoalma.de\/blog\/#\/schema\/person\/image\/\",\"url\":\"https:\/\/secure.gravatar.com\/avatar\/2921262b95c583980c07bb351d550484?s=96&d=mm&r=g\",\"contentUrl\":\"https:\/\/secure.gravatar.com\/avatar\/2921262b95c583980c07bb351d550484?s=96&d=mm&r=g\",\"caption\":\"Thomas G\u00f6tz\"},\"url\":\"https:\/\/www.vinoalma.de\/blog\/author\/thomas\/\"}]}<\/script>\n<!-- \/ Yoast SEO plugin. -->","yoast_head_json":{"title":"Iberico-Schinken - der beste Schinken der Welt kommt aus Spanien","description":"Der Iberico-Schinken, auf Spanisch Jam\u00f3n Ib\u00e9rico, gilt als der beste Schinken der Welt. Was ihn so einzigartig macht, er\u00f6rtert dieser Beitrag","robots":{"index":"index","follow":"follow","max-snippet":"max-snippet:-1","max-image-preview":"max-image-preview:large","max-video-preview":"max-video-preview:-1"},"canonical":"https:\/\/www.vinoalma.de\/blog\/2020\/06\/27\/iberico-schinken-jamon-iberico\/","og_locale":"de_DE","og_type":"article","og_title":"Iberico-Schinken - der beste Schinken der Welt kommt aus Spanien","og_description":"Der Iberico-Schinken, auf Spanisch Jam\u00f3n Ib\u00e9rico, gilt als der beste Schinken der Welt. Was ihn so einzigartig macht, er\u00f6rtert dieser Beitrag","og_url":"https:\/\/www.vinoalma.de\/blog\/2020\/06\/27\/iberico-schinken-jamon-iberico\/","og_site_name":"Vino&amp;Alma Weinmagazin","article_published_time":"2020-06-27T13:00:54+00:00","og_image":[{"width":750,"height":500,"url":"https:\/\/www.vinoalma.de\/blog\/wp-content\/uploads\/2020\/06\/Cerdos-Ibericos-en-la-dehesa-Kopie.jpg","type":"image\/jpeg"}],"author":"Thomas G\u00f6tz","twitter_card":"summary_large_image","twitter_misc":{"Verfasst von":"Thomas G\u00f6tz","Gesch\u00e4tzte Lesezeit":"5 Minuten"},"schema":{"@context":"https:\/\/schema.org","@graph":[{"@type":"WebPage","@id":"https:\/\/www.vinoalma.de\/blog\/2020\/06\/27\/iberico-schinken-jamon-iberico\/","url":"https:\/\/www.vinoalma.de\/blog\/2020\/06\/27\/iberico-schinken-jamon-iberico\/","name":"Iberico-Schinken - der beste Schinken der Welt kommt aus Spanien","isPartOf":{"@id":"https:\/\/www.vinoalma.de\/blog\/#website"},"datePublished":"2020-06-27T13:00:54+00:00","dateModified":"2020-06-27T13:00:54+00:00","author":{"@id":"https:\/\/www.vinoalma.de\/blog\/#\/schema\/person\/6f3c021d497ee8aa6afa972003456398"},"description":"Der Iberico-Schinken, auf Spanisch Jam\u00f3n Ib\u00e9rico, gilt als der beste Schinken der Welt. Was ihn so einzigartig macht, er\u00f6rtert dieser Beitrag","breadcrumb":{"@id":"https:\/\/www.vinoalma.de\/blog\/2020\/06\/27\/iberico-schinken-jamon-iberico\/#breadcrumb"},"inLanguage":"de-DE","potentialAction":[{"@type":"ReadAction","target":["https:\/\/www.vinoalma.de\/blog\/2020\/06\/27\/iberico-schinken-jamon-iberico\/"]}]},{"@type":"BreadcrumbList","@id":"https:\/\/www.vinoalma.de\/blog\/2020\/06\/27\/iberico-schinken-jamon-iberico\/#breadcrumb","itemListElement":[{"@type":"ListItem","position":1,"name":"Home","item":"https:\/\/www.vinoalma.de\/blog\/"},{"@type":"ListItem","position":2,"name":"Allgemein","item":"https:\/\/www.vinoalma.de\/blog\/category\/allgemein\/"},{"@type":"ListItem","position":3,"name":"Iberico-Schinken &#8211; Spanien als Feinschmeckerland"}]},{"@type":"WebSite","@id":"https:\/\/www.vinoalma.de\/blog\/#website","url":"https:\/\/www.vinoalma.de\/blog\/","name":"Vino&amp;Alma Weinmagazin","description":"Willkommen beim Weinmagazin von Vino&amp;Alma. Hier finden Sie Informationen \u00fcber spanischen Weine, Weing\u00fcter und Anbaugebiete sowie generell Wissenswertes zum Thema Wein &amp; Kulinarik. ","potentialAction":[{"@type":"SearchAction","target":{"@type":"EntryPoint","urlTemplate":"https:\/\/www.vinoalma.de\/blog\/?s={search_term_string}"},"query-input":"required name=search_term_string"}],"inLanguage":"de-DE"},{"@type":"Person","@id":"https:\/\/www.vinoalma.de\/blog\/#\/schema\/person\/6f3c021d497ee8aa6afa972003456398","name":"Thomas G\u00f6tz","image":{"@type":"ImageObject","inLanguage":"de-DE","@id":"https:\/\/www.vinoalma.de\/blog\/#\/schema\/person\/image\/","url":"https:\/\/secure.gravatar.com\/avatar\/2921262b95c583980c07bb351d550484?s=96&d=mm&r=g","contentUrl":"https:\/\/secure.gravatar.com\/avatar\/2921262b95c583980c07bb351d550484?s=96&d=mm&r=g","caption":"Thomas G\u00f6tz"},"url":"https:\/\/www.vinoalma.de\/blog\/author\/thomas\/"}]}},"_links":{"self":[{"href":"https:\/\/www.vinoalma.de\/blog\/wp-json\/wp\/v2\/posts\/2722"}],"collection":[{"href":"https:\/\/www.vinoalma.de\/blog\/wp-json\/wp\/v2\/posts"}],"about":[{"href":"https:\/\/www.vinoalma.de\/blog\/wp-json\/wp\/v2\/types\/post"}],"author":[{"embeddable":true,"href":"https:\/\/www.vinoalma.de\/blog\/wp-json\/wp\/v2\/users\/5"}],"replies":[{"embeddable":true,"href":"https:\/\/www.vinoalma.de\/blog\/wp-json\/wp\/v2\/comments?post=2722"}],"version-history":[{"count":5,"href":"https:\/\/www.vinoalma.de\/blog\/wp-json\/wp\/v2\/posts\/2722\/revisions"}],"predecessor-version":[{"id":2731,"href":"https:\/\/www.vinoalma.de\/blog\/wp-json\/wp\/v2\/posts\/2722\/revisions\/2731"}],"wp:featuredmedia":[{"embeddable":true,"href":"https:\/\/www.vinoalma.de\/blog\/wp-json\/wp\/v2\/media\/2724"}],"wp:attachment":[{"href":"https:\/\/www.vinoalma.de\/blog\/wp-json\/wp\/v2\/media?parent=2722"}],"wp:term":[{"taxonomy":"category","embeddable":true,"href":"https:\/\/www.vinoalma.de\/blog\/wp-json\/wp\/v2\/categories?post=2722"},{"taxonomy":"post_tag","embeddable":true,"href":"https:\/\/www.vinoalma.de\/blog\/wp-json\/wp\/v2\/tags?post=2722"}],"curies":[{"name":"wp","href":"https:\/\/api.w.org\/{rel}","templated":true}]}}