{"id":2698,"date":"2020-06-13T15:36:33","date_gmt":"2020-06-13T13:36:33","guid":{"rendered":"https:\/\/www.vinoalma.de\/blog\/?p=2698"},"modified":"2020-06-13T15:36:33","modified_gmt":"2020-06-13T13:36:33","slug":"bodegas-lambuena-ribera-del-duero-interview","status":"publish","type":"post","link":"https:\/\/www.vinoalma.de\/blog\/2020\/06\/13\/bodegas-lambuena-ribera-del-duero-interview\/","title":{"rendered":"Alte Reben zwischen zwei Fl\u00fcssen &#8211; ein Interview mit Pedro Cabestrero von Bodegas Lambuena"},"content":{"rendered":"<p>Der Fluss Duero entspringt im menschenleeren Hochland von Kastilien-Le\u00f3n. Auf seinem fast 900 Kilometer langen Weg zum portugiesischen Atlantik durchflie\u00dft das Gew\u00e4sser auf spanischer Seite gleich mehrere hochkar\u00e4tige Weingebiete, das Bekannteste darunter ist die <a href=\"https:\/\/www.vinoalma.de\/blog\/2020\/01\/20\/ribera-del-duero\/\">D.O. Ribera del Duero<\/a>. Jene Appellation hat sich mit Rotweinen aus der <a href=\"https:\/\/www.vinoalma.de\/blog\/2019\/08\/22\/tempranillo-rebsorten-spanien\/\">Tempranillo-Rebe<\/a> und dank Erzeugern wie Vega Sicilia, Pesquera und Dominio de Pingus einen weltweiten Ruf erworben. Wir haben uns gerade mit Pedro Cabestrero von Bodegas Lambuena \u00fcber seine formidablen Weine und die Anbauregion im Allgemeinen unterhalten.<\/p>\n<h3><b>Vino &amp; Alma: Pedro, was ist deine Aufgabe im Weingut Lambuena?<\/b><\/h3>\n<p>Pedro Cabestrero: Wir sind ein Familienweingut mit knapp 70 Hektar Rebland. Mein Bruder Andr\u00e9s k\u00fcmmert sich um die Weinberge. Ich selbst bin der Weinmacher. Nach meinem \u00d6nologiestudium an der \u201eEscuela de la Vid y el Vino\u201c in Madrid haben wir 1989 das Weingut gegr\u00fcndet. Meine Schwester Ana ist ebenfalls \u00d6nologin. Sie arbeitet f\u00fcr eine traditionelle Bodega im Sherry-Gebiet in Andalusien.<\/p>\n<h3><b>Dein Weingut Lambuena befindet sich in der D.O. Ribera del Duero. Welche Faktoren machen das Anbaugebiet aus deiner Sicht speziell?<\/b><\/h3>\n<p>Das wichtigste ist f\u00fcr mich die Hochlage. Ribera del Duero erstreckt sich auf einem Hochplateau, mein Weingut liegt zum Beispiel auf 900 Metern Meeresh\u00f6he. Die N\u00e4chte werden hier ziemlich k\u00fchl, selbst im Sommer. Die Trauben reifen so langsamer und besser aus &#8211; in dem Sinne, dass sie nicht zu schnell \u00fcberreifen. Zudem erhalten wir wegen dieser K\u00fchle auch eine recht gute S\u00e4ure in den Beeren.<\/p>\n<h3><b>Wo wir von Hochlage und K\u00fchle sprechen: Der Klimawandel ist in vollem Gange. Die Jahrestemperaturen steigen und in den Sommern treten h\u00e4ufiger Hitzewellen auf. Musst du deine Weine in besonders hei\u00dfen Jahren ans\u00e4uern, um Frische in den Weinen zu erhalten?<\/b><\/h3>\n<p>Das kommt fast nie vor. Zum einen liegt es an der Hochlage, die ich gerade erw\u00e4hnt habe. Zum anderen habe ich hier nochmals ein spezielles Mikroklima. Das Weingut bzw. die Weinberge liegen zwischen dem Duero und dem kleineren Nebenfluss Rio Riaza. Diese Lage zwischen zwei Fl\u00fcssen macht es nochmals etwas k\u00fchler, weil das Wasser diesen Effekt mit sich bringt.<\/p>\n<p>Und bez\u00fcglich deiner Frage gibt es noch einen weiteren wichtigen Punkt: Aus jeder Weinlage erzeuge ich einen eigenen Wein. Wenn es dann einmal vorkommt, dass ein solcher Parzellenwein \u00fcber zu wenig S\u00e4ure verf\u00fcgt, dann verschneide ich ihn mit einem anderen Parzellenwein, der mehr S\u00e4ure hat. So kann ich das auf nat\u00fcrliche Weise ausgleichen und Frische erhalten. Das ist viel besser als S\u00e4ure von au\u00dfen zuzuf\u00fchren.<span class=\"Apple-converted-space\">\u00a0<\/span><\/p>\n<figure id=\"attachment_2700\" aria-describedby=\"caption-attachment-2700\" style=\"width: 600px\" class=\"wp-caption alignnone\"><img decoding=\"async\" loading=\"lazy\" class=\"size-full wp-image-2700\" src=\"https:\/\/www.vinoalma.de\/blog\/wp-content\/uploads\/2020\/06\/Textfoto-2.jpg\" alt=\"Weinberg von Bodegas Lambuena in Ribera del Duero\" width=\"600\" height=\"420\" srcset=\"https:\/\/www.vinoalma.de\/blog\/wp-content\/uploads\/2020\/06\/Textfoto-2.jpg 600w, https:\/\/www.vinoalma.de\/blog\/wp-content\/uploads\/2020\/06\/Textfoto-2-300x210.jpg 300w\" sizes=\"(max-width: 600px) 100vw, 600px\" \/><figcaption id=\"caption-attachment-2700\" class=\"wp-caption-text\">Weinberg von Bodegas Lambuena in Ribera del Duero. Wir befinden uns auf einem Hochplateau auf 900 m.\u00fc.NN.<\/figcaption><\/figure>\n<h3><b>Mit der Hochebene und der Position zwischen zwei Fl\u00fcssen hast du bereits einen Teil deines Terroirs beschrieben. Gibt es weitere relevante Aspekte?<\/b><\/h3>\n<p>Ich habe bisher noch nicht \u00fcber die B\u00f6den gesprochen. Die sind nat\u00fcrlich enorm wichtig. Wir haben in unseren Weinbergen ganz unterschiedliche B\u00f6den. Wir finden Kalk, Lehm, Sand und nahe am Fluss Duero wiederum feines Sedimentgestein vor. Die Tinta del Pa\u00eds &#8211; so nennen wir hier in Ribera del Duero die Tempranillo-Traube &#8211; ergibt auf diesen B\u00f6den sehr unterschiedliche Weine. Das ist wirklich interessant. Zum Beispiel hat die \u201eLambuena Reserva\u201c einen ganz anderen Charakter als die \u201eLambuena Vi\u00f1as Viejas\u201c. Ein Grund daf\u00fcr liegt in den unterschiedlichen B\u00f6den, auf denen die Reben dieser Weine wachsen.<span class=\"Apple-converted-space\">\u00a0<\/span><\/p>\n<p>Auch die Rebst\u00f6cke selbst sind mir wichtig zu erw\u00e4hnen: Wir haben viele Reben, die 80 bis 100 Jahre alt sind. Wenn ich einen neuen Weinberg anlege, dann ziehe ich die Stecklinge aus diesen alten Reben heran. Ich will das Erbgut von diesen alten Reben erhalten und keine neuen Tempranillo-Klone pflanzen.<\/p>\n<h3><b>Ribera del Duero ist mittlerweile ein weltbekanntes Weingebiet. Wie war es, als du 1989 mit dem Weingut Lambuena begonnen hast?<\/b><\/h3>\n<p>Damals war Ribera del Duero noch eine kleines Anbaugebiet. Als ich 1989 das Weingut gr\u00fcndete, war es vielleicht das Zwanzigste, das zur DO geh\u00f6rte. Die genaue Zahl wei\u00df ich nicht. Aber sicher lag ich irgendwo zwischen Platz 20 und 30 auf der Liste. <i>(Anm. d. Redaktion: Heute sind es \u00fcber 300 Weing\u00fcter, die zur D.O. Ribera del Duero geh\u00f6ren). <\/i>Damals hatten viele Weine auch einen anderen Charakter als heute. Sie waren oftmals leichter, mit Alkoholgraden zwischen 12 und 13 Prozent. Die meisten Winzer kelterten ihre Weine auf relativ einfache Weise. Dann kamen moderne Kellertechniken auf, die einen neuen Weinstil hin zu kraftvolleren Rotweinen mit sich brachten. Das war insgesamt ein Trend. Die Konsumenten w\u00fcnschten sich kraftvolle Rotweine aus Spanien.<\/p>\n<h3><b>Dein 2014 Vi\u00f1as Viejas ist ein gro\u00dfartiger, komplexer Rotwein. Was uns au\u00dferdem besonders gut gef\u00e4llt: Das Holz ist super eingebunden. Verwendest du gebrauchte F\u00e4sser im Ausbau?<\/b><\/h3>\n<p>Das ist richtig. Ich bin ja schlie\u00dflich Winzer und kein Schreiner. Meine Weine sollen nicht nach Holz schmecken. Die Top-Weine baue ich nie in ganz neuen Holzf\u00e4ssern aus. Das ist nicht n\u00f6tig, weil die Moste schon von allein sehr viel Struktur und Aromatik mitbringen. Ich verwende daf\u00fcr gebrauchte F\u00e4sser, die bis zu sechs Jahre alt sein k\u00f6nnen.<\/p>\n<p>Der Wein, den du hier ansprichst, kommt au\u00dferdem von \u00fcber 100 Jahre alten Reben. Die Trauben gewinnen wir aus drei Parzellen<em> (Anm. d. Redaktion: aus einer dieser Parzellen bezog fr\u00fcher einmal Vega Sicilia die Trauben).<\/em> Diese sehr alten Reben ergeben nat\u00fcrlich niedrige Ertr\u00e4ge, aber daf\u00fcr erhalten wir eine fantastische Qualit\u00e4t. Ich versuche da insgesamt wenig bei der Weinbereitung einzugreifen. Zum Beispiel verg\u00e4re ich diesen &#8211; wie alle meine Weine &#8211; spontan und nicht mit Zuchthefen.<\/p>\n<h3><b>Welche Weine trinkst du sonst noch gerne, wenn es nicht deine eigenen sind?<\/b><\/h3>\n<p>Ich mag viele Weine aus anderen Gebieten, zum Beispiel die klassischen Rioja-Weine von Remelluri und Remirez de Ganuza. Das sind fantastische Gew\u00e4chse. Auch Galicien finde ich toll, die dortigen Wei\u00dfweine aus Godello. Und nat\u00fcrlich die Albari\u00f1o aus R\u00edas Baixas von Erzeugern wie Palacio de Fefi\u00f1anes und Pazo de Se\u00f1orans. In unserm benachbarten Weingebiet Rueda gefallen mir Erzeuger wie Belondrade. Ich kenne auch die Rieslinge aus Deutschland, das sind ebenfalls wunderbare Wei\u00dfweine.<\/p>\n<div class=\"custom-shop-product\" data-url=\"https:\/\/www.vinoalma.de\/lambuena-vinas-viejas\"><div class=\"custom-shop-product--inner\"><div class=\"custom-shop-product--image\"><\/div><div class=\"custom-shop-product--content\"><div class=\"custom-shop-product--title\">Lambuena Vi\u00f1as Viejas<\/div><div class=\"custom-shop-product--description\">Spitzenwein aus 100 Jahre alten Tempranillo-Reben<\/div><\/div><div class=\"custom-shop-product--arrow\"><i class=\"fa fa-angle-right\"><\/i><\/div><\/div><a class=\"custom-shop-product--link\" href=\"https:\/\/www.vinoalma.de\/lambuena-vinas-viejas\" target=\"_blank\" title=\"Lambuena Vi\u00f1as Viejas - Spitzenwein aus 100 Jahre alten Tempranillo-Reben \"><\/a><\/div>\n<div class=\"custom-shop-product\" data-url=\"https:\/\/www.vinoalma.de\/lambuena-reserva\"><div class=\"custom-shop-product--inner\"><div class=\"custom-shop-product--image\"><\/div><div class=\"custom-shop-product--content\"><div class=\"custom-shop-product--title\">Lambuena Reserva<\/div><div class=\"custom-shop-product--description\">Kraftvolle Eleganz aus Ribera del Duero<\/div><\/div><div class=\"custom-shop-product--arrow\"><i class=\"fa fa-angle-right\"><\/i><\/div><\/div><a class=\"custom-shop-product--link\" href=\"https:\/\/www.vinoalma.de\/lambuena-reserva\" target=\"_blank\" title=\"Lambuena Reserva - Kraftvolle Eleganz aus Ribera del Duero \"><\/a><\/div>\n<div class=\"custom-shop-product\" data-url=\"https:\/\/www.vinoalma.de\/lambuena-roble\"><div class=\"custom-shop-product--inner\"><div class=\"custom-shop-product--image\"><\/div><div class=\"custom-shop-product--content\"><div class=\"custom-shop-product--title\">Lambuena Roble<\/div><div class=\"custom-shop-product--description\">Saftiger Tempranillo, Typ Grillwein, aus Ribera del Duero<\/div><\/div><div class=\"custom-shop-product--arrow\"><i class=\"fa fa-angle-right\"><\/i><\/div><\/div><a class=\"custom-shop-product--link\" href=\"https:\/\/www.vinoalma.de\/lambuena-roble\" target=\"_blank\" title=\"Lambuena Roble - Saftiger Tempranillo, Typ Grillwein, aus Ribera del Duero \"><\/a><\/div>\n<div class=\"custom-shop-product\" data-url=\"\"><div class=\"custom-shop-product--inner\"><div class=\"custom-shop-product--image\"><\/div><div class=\"custom-shop-product--content\"><div class=\"custom-shop-product--title\">Lambuena Rosado<\/div><div class=\"custom-shop-product--description\">Frischer Ros\u00e9wein aus Tempranillo<\/div><\/div><div class=\"custom-shop-product--arrow\"><i class=\"fa fa-angle-right\"><\/i><\/div><\/div><a class=\"custom-shop-product--link\" href=\"\" target=\"_blank\" title=\"Lambuena Rosado - Frischer Ros\u00e9wein aus Tempranillo \"><\/a><\/div>\n","protected":false},"excerpt":{"rendered":"<p>Der Fluss Duero entspringt im menschenleeren Hochland von Kastilien-Le\u00f3n. Auf seinem fast 900 Kilometer langen Weg zum portugiesischen Atlantik durchflie\u00dft das Gew\u00e4sser auf spanischer Seite gleich mehrere hochkar\u00e4tige Weingebiete, das Bekannteste darunter ist die D.O. Ribera del Duero. Jene Appellation hat sich mit Rotweinen aus der Tempranillo-Rebe und dank Erzeugern wie Vega Sicilia, Pesquera und &hellip; <a href=\"https:\/\/www.vinoalma.de\/blog\/2020\/06\/13\/bodegas-lambuena-ribera-del-duero-interview\/\" class=\"more-link\">Continue reading <span class=\"screen-reader-text\">Alte Reben zwischen zwei Fl\u00fcssen &#8211; ein Interview mit Pedro Cabestrero von Bodegas Lambuena<\/span><\/a><\/p>\n","protected":false},"author":5,"featured_media":2701,"comment_status":"closed","ping_status":"closed","sticky":false,"template":"","format":"standard","meta":{"_mi_skip_tracking":false},"categories":[87,105],"tags":[],"yoast_head":"<!-- This site is optimized with the Yoast SEO plugin v20.6 - https:\/\/yoast.com\/wordpress\/plugins\/seo\/ -->\n<title>Bodegas Lambuena - ein Interview \u00fcber Ribera del Duero<\/title>\n<meta name=\"description\" content=\"In Ribera del Duero keltert Pedro Cabestrero von Bodegas Lambuena seit 1989 Top-Rotweine aus Tempranillo. Wir haben ihn interviewt.\" \/>\n<meta name=\"robots\" content=\"index, follow, max-snippet:-1, max-image-preview:large, max-video-preview:-1\" \/>\n<link rel=\"canonical\" href=\"https:\/\/www.vinoalma.de\/blog\/2020\/06\/13\/bodegas-lambuena-ribera-del-duero-interview\/\" \/>\n<meta property=\"og:locale\" content=\"de_DE\" \/>\n<meta property=\"og:type\" content=\"article\" \/>\n<meta property=\"og:title\" content=\"Bodegas Lambuena - ein Interview \u00fcber Ribera del Duero\" \/>\n<meta property=\"og:description\" content=\"In Ribera del Duero keltert Pedro Cabestrero von Bodegas Lambuena seit 1989 Top-Rotweine aus Tempranillo. Wir haben ihn interviewt.\" \/>\n<meta property=\"og:url\" content=\"https:\/\/www.vinoalma.de\/blog\/2020\/06\/13\/bodegas-lambuena-ribera-del-duero-interview\/\" \/>\n<meta property=\"og:site_name\" content=\"Vino&amp;Alma Weinmagazin\" \/>\n<meta property=\"article:published_time\" content=\"2020-06-13T13:36:33+00:00\" \/>\n<meta property=\"og:image\" content=\"https:\/\/www.vinoalma.de\/blog\/wp-content\/uploads\/2020\/06\/Titelbild.jpg\" \/>\n\t<meta property=\"og:image:width\" content=\"750\" \/>\n\t<meta property=\"og:image:height\" content=\"500\" \/>\n\t<meta property=\"og:image:type\" content=\"image\/jpeg\" \/>\n<meta name=\"author\" content=\"Thomas G\u00f6tz\" \/>\n<meta name=\"twitter:card\" content=\"summary_large_image\" \/>\n<meta name=\"twitter:label1\" content=\"Verfasst von\" \/>\n\t<meta name=\"twitter:data1\" content=\"Thomas G\u00f6tz\" \/>\n\t<meta name=\"twitter:label2\" content=\"Gesch\u00e4tzte Lesezeit\" \/>\n\t<meta name=\"twitter:data2\" content=\"6 Minuten\" \/>\n<script type=\"application\/ld+json\" class=\"yoast-schema-graph\">{\"@context\":\"https:\/\/schema.org\",\"@graph\":[{\"@type\":\"WebPage\",\"@id\":\"https:\/\/www.vinoalma.de\/blog\/2020\/06\/13\/bodegas-lambuena-ribera-del-duero-interview\/\",\"url\":\"https:\/\/www.vinoalma.de\/blog\/2020\/06\/13\/bodegas-lambuena-ribera-del-duero-interview\/\",\"name\":\"Bodegas Lambuena - ein Interview \u00fcber Ribera del Duero\",\"isPartOf\":{\"@id\":\"https:\/\/www.vinoalma.de\/blog\/#website\"},\"datePublished\":\"2020-06-13T13:36:33+00:00\",\"dateModified\":\"2020-06-13T13:36:33+00:00\",\"author\":{\"@id\":\"https:\/\/www.vinoalma.de\/blog\/#\/schema\/person\/6f3c021d497ee8aa6afa972003456398\"},\"description\":\"In Ribera del Duero keltert Pedro Cabestrero von Bodegas Lambuena seit 1989 Top-Rotweine aus Tempranillo. Wir haben ihn interviewt.\",\"breadcrumb\":{\"@id\":\"https:\/\/www.vinoalma.de\/blog\/2020\/06\/13\/bodegas-lambuena-ribera-del-duero-interview\/#breadcrumb\"},\"inLanguage\":\"de-DE\",\"potentialAction\":[{\"@type\":\"ReadAction\",\"target\":[\"https:\/\/www.vinoalma.de\/blog\/2020\/06\/13\/bodegas-lambuena-ribera-del-duero-interview\/\"]}]},{\"@type\":\"BreadcrumbList\",\"@id\":\"https:\/\/www.vinoalma.de\/blog\/2020\/06\/13\/bodegas-lambuena-ribera-del-duero-interview\/#breadcrumb\",\"itemListElement\":[{\"@type\":\"ListItem\",\"position\":1,\"name\":\"Home\",\"item\":\"https:\/\/www.vinoalma.de\/blog\/\"},{\"@type\":\"ListItem\",\"position\":2,\"name\":\"Weing\u00fcter\",\"item\":\"https:\/\/www.vinoalma.de\/blog\/category\/weingueter\/\"},{\"@type\":\"ListItem\",\"position\":3,\"name\":\"Alte Reben zwischen zwei Fl\u00fcssen &#8211; ein Interview mit Pedro Cabestrero von Bodegas Lambuena\"}]},{\"@type\":\"WebSite\",\"@id\":\"https:\/\/www.vinoalma.de\/blog\/#website\",\"url\":\"https:\/\/www.vinoalma.de\/blog\/\",\"name\":\"Vino&amp;Alma Weinmagazin\",\"description\":\"Willkommen beim Weinmagazin von Vino&amp;Alma. Hier finden Sie Informationen \u00fcber spanischen Weine, Weing\u00fcter und Anbaugebiete sowie generell Wissenswertes zum Thema Wein &amp; Kulinarik. \",\"potentialAction\":[{\"@type\":\"SearchAction\",\"target\":{\"@type\":\"EntryPoint\",\"urlTemplate\":\"https:\/\/www.vinoalma.de\/blog\/?s={search_term_string}\"},\"query-input\":\"required name=search_term_string\"}],\"inLanguage\":\"de-DE\"},{\"@type\":\"Person\",\"@id\":\"https:\/\/www.vinoalma.de\/blog\/#\/schema\/person\/6f3c021d497ee8aa6afa972003456398\",\"name\":\"Thomas G\u00f6tz\",\"image\":{\"@type\":\"ImageObject\",\"inLanguage\":\"de-DE\",\"@id\":\"https:\/\/www.vinoalma.de\/blog\/#\/schema\/person\/image\/\",\"url\":\"https:\/\/secure.gravatar.com\/avatar\/2921262b95c583980c07bb351d550484?s=96&d=mm&r=g\",\"contentUrl\":\"https:\/\/secure.gravatar.com\/avatar\/2921262b95c583980c07bb351d550484?s=96&d=mm&r=g\",\"caption\":\"Thomas G\u00f6tz\"},\"url\":\"https:\/\/www.vinoalma.de\/blog\/author\/thomas\/\"}]}<\/script>\n<!-- \/ Yoast SEO plugin. -->","yoast_head_json":{"title":"Bodegas Lambuena - ein Interview \u00fcber Ribera del Duero","description":"In Ribera del Duero keltert Pedro Cabestrero von Bodegas Lambuena seit 1989 Top-Rotweine aus Tempranillo. Wir haben ihn interviewt.","robots":{"index":"index","follow":"follow","max-snippet":"max-snippet:-1","max-image-preview":"max-image-preview:large","max-video-preview":"max-video-preview:-1"},"canonical":"https:\/\/www.vinoalma.de\/blog\/2020\/06\/13\/bodegas-lambuena-ribera-del-duero-interview\/","og_locale":"de_DE","og_type":"article","og_title":"Bodegas Lambuena - ein Interview \u00fcber Ribera del Duero","og_description":"In Ribera del Duero keltert Pedro Cabestrero von Bodegas Lambuena seit 1989 Top-Rotweine aus Tempranillo. Wir haben ihn interviewt.","og_url":"https:\/\/www.vinoalma.de\/blog\/2020\/06\/13\/bodegas-lambuena-ribera-del-duero-interview\/","og_site_name":"Vino&amp;Alma Weinmagazin","article_published_time":"2020-06-13T13:36:33+00:00","og_image":[{"width":750,"height":500,"url":"https:\/\/www.vinoalma.de\/blog\/wp-content\/uploads\/2020\/06\/Titelbild.jpg","type":"image\/jpeg"}],"author":"Thomas G\u00f6tz","twitter_card":"summary_large_image","twitter_misc":{"Verfasst von":"Thomas G\u00f6tz","Gesch\u00e4tzte Lesezeit":"6 Minuten"},"schema":{"@context":"https:\/\/schema.org","@graph":[{"@type":"WebPage","@id":"https:\/\/www.vinoalma.de\/blog\/2020\/06\/13\/bodegas-lambuena-ribera-del-duero-interview\/","url":"https:\/\/www.vinoalma.de\/blog\/2020\/06\/13\/bodegas-lambuena-ribera-del-duero-interview\/","name":"Bodegas Lambuena - ein Interview \u00fcber Ribera del Duero","isPartOf":{"@id":"https:\/\/www.vinoalma.de\/blog\/#website"},"datePublished":"2020-06-13T13:36:33+00:00","dateModified":"2020-06-13T13:36:33+00:00","author":{"@id":"https:\/\/www.vinoalma.de\/blog\/#\/schema\/person\/6f3c021d497ee8aa6afa972003456398"},"description":"In Ribera del Duero keltert Pedro Cabestrero von Bodegas Lambuena seit 1989 Top-Rotweine aus Tempranillo. Wir haben ihn interviewt.","breadcrumb":{"@id":"https:\/\/www.vinoalma.de\/blog\/2020\/06\/13\/bodegas-lambuena-ribera-del-duero-interview\/#breadcrumb"},"inLanguage":"de-DE","potentialAction":[{"@type":"ReadAction","target":["https:\/\/www.vinoalma.de\/blog\/2020\/06\/13\/bodegas-lambuena-ribera-del-duero-interview\/"]}]},{"@type":"BreadcrumbList","@id":"https:\/\/www.vinoalma.de\/blog\/2020\/06\/13\/bodegas-lambuena-ribera-del-duero-interview\/#breadcrumb","itemListElement":[{"@type":"ListItem","position":1,"name":"Home","item":"https:\/\/www.vinoalma.de\/blog\/"},{"@type":"ListItem","position":2,"name":"Weing\u00fcter","item":"https:\/\/www.vinoalma.de\/blog\/category\/weingueter\/"},{"@type":"ListItem","position":3,"name":"Alte Reben zwischen zwei Fl\u00fcssen &#8211; ein Interview mit Pedro Cabestrero von Bodegas Lambuena"}]},{"@type":"WebSite","@id":"https:\/\/www.vinoalma.de\/blog\/#website","url":"https:\/\/www.vinoalma.de\/blog\/","name":"Vino&amp;Alma Weinmagazin","description":"Willkommen beim Weinmagazin von Vino&amp;Alma. Hier finden Sie Informationen \u00fcber spanischen Weine, Weing\u00fcter und Anbaugebiete sowie generell Wissenswertes zum Thema Wein &amp; Kulinarik. ","potentialAction":[{"@type":"SearchAction","target":{"@type":"EntryPoint","urlTemplate":"https:\/\/www.vinoalma.de\/blog\/?s={search_term_string}"},"query-input":"required name=search_term_string"}],"inLanguage":"de-DE"},{"@type":"Person","@id":"https:\/\/www.vinoalma.de\/blog\/#\/schema\/person\/6f3c021d497ee8aa6afa972003456398","name":"Thomas G\u00f6tz","image":{"@type":"ImageObject","inLanguage":"de-DE","@id":"https:\/\/www.vinoalma.de\/blog\/#\/schema\/person\/image\/","url":"https:\/\/secure.gravatar.com\/avatar\/2921262b95c583980c07bb351d550484?s=96&d=mm&r=g","contentUrl":"https:\/\/secure.gravatar.com\/avatar\/2921262b95c583980c07bb351d550484?s=96&d=mm&r=g","caption":"Thomas G\u00f6tz"},"url":"https:\/\/www.vinoalma.de\/blog\/author\/thomas\/"}]}},"_links":{"self":[{"href":"https:\/\/www.vinoalma.de\/blog\/wp-json\/wp\/v2\/posts\/2698"}],"collection":[{"href":"https:\/\/www.vinoalma.de\/blog\/wp-json\/wp\/v2\/posts"}],"about":[{"href":"https:\/\/www.vinoalma.de\/blog\/wp-json\/wp\/v2\/types\/post"}],"author":[{"embeddable":true,"href":"https:\/\/www.vinoalma.de\/blog\/wp-json\/wp\/v2\/users\/5"}],"replies":[{"embeddable":true,"href":"https:\/\/www.vinoalma.de\/blog\/wp-json\/wp\/v2\/comments?post=2698"}],"version-history":[{"count":16,"href":"https:\/\/www.vinoalma.de\/blog\/wp-json\/wp\/v2\/posts\/2698\/revisions"}],"predecessor-version":[{"id":2717,"href":"https:\/\/www.vinoalma.de\/blog\/wp-json\/wp\/v2\/posts\/2698\/revisions\/2717"}],"wp:featuredmedia":[{"embeddable":true,"href":"https:\/\/www.vinoalma.de\/blog\/wp-json\/wp\/v2\/media\/2701"}],"wp:attachment":[{"href":"https:\/\/www.vinoalma.de\/blog\/wp-json\/wp\/v2\/media?parent=2698"}],"wp:term":[{"taxonomy":"category","embeddable":true,"href":"https:\/\/www.vinoalma.de\/blog\/wp-json\/wp\/v2\/categories?post=2698"},{"taxonomy":"post_tag","embeddable":true,"href":"https:\/\/www.vinoalma.de\/blog\/wp-json\/wp\/v2\/tags?post=2698"}],"curies":[{"name":"wp","href":"https:\/\/api.w.org\/{rel}","templated":true}]}}