{"id":2671,"date":"2020-05-22T14:40:52","date_gmt":"2020-05-22T12:40:52","guid":{"rendered":"https:\/\/www.vinoalma.de\/blog\/?p=2671"},"modified":"2020-05-22T14:40:52","modified_gmt":"2020-05-22T12:40:52","slug":"weinveredelung-pfropfen-reblaus","status":"publish","type":"post","link":"https:\/\/www.vinoalma.de\/blog\/2020\/05\/22\/weinveredelung-pfropfen-reblaus\/","title":{"rendered":"Die Weinveredelung &#8211; warum europ\u00e4ische Edelreben amerikanische Unterlagsreben ben\u00f6tigen"},"content":{"rendered":"<p>Mit 967.000 Hektar Rebfl\u00e4che ist Spanien das gr\u00f6\u00dfte Weinland der Welt. Spanien war im 19. Jahrhundert sogar ein noch viel gr\u00f6\u00dferes Weinland als es heute ist. Gebiete wie M\u00e1laga oder Rueda hatten damals 110.000 Hektar bzw. 90.000 Hektar Rebland. Heute sind es im Fall von M\u00e1laga weniger als 1.000 Hektar, auf denen Weinbau wieder betrieben wird. Bei Rueda sind es immerhin 17.000 Hektar.<span class=\"Apple-converted-space\">\u00a0<\/span><\/p>\n<p>Dieser enorme R\u00fcckgang hat urs\u00e4chlich mit einem kleinen Insekt zu tun, das sich ab 1863 durch die Weinberge Europas fra\u00df und fast den gesamten Rebbestand des Kontinents zerst\u00f6rte: Die Reblaus wurde von Amerika nach Europa eingeschleppt. Der Sch\u00e4dling ist gerade mal knapp \u00fcber einen Millimeter gro\u00df. Er bedient sich an den Wurzeln der Reben, indem er diesen den Saft entzieht und die Rebe so letztlich abt\u00f6tet.<span class=\"Apple-converted-space\">\u00a0<\/span><\/p>\n<p>In Spanien trat die Reblaus 1878 erstmals in M\u00e1laga auf. Fast alle Weinberge des Landes wurden in den Folgejahren vernichtet und dabei ebenfalls viele autochthone Sorten ausgerottet.<span class=\"Apple-converted-space\">\u00a0<\/span><\/p>\n<p>Nur in wenigen Regionen mit tiefgr\u00fcndigen sandigen B\u00f6den \u00fcberlebten manche Weinst\u00f6cke. Die Reblaus kann sich im Sand n\u00e4mlich schwer fortbewegen. In Gebieten wie R\u00edas Baixas, Rueda und Jumilla war dies haupts\u00e4chlich der Fall. Dort finden sich heute noch Weinreben, die 150 Jahre und \u00e4lter sind. Man bezeichnet sie als \u201ewurzelecht\u201c, worauf wir gleich zu sprechen kommen. Heutzutage stellen solche wurzelechte Reben absolute Ausnahmen dar: Beispielsweise wurden in Rueda von der Reblaus nur etwa 200 Hektar (von den einst 90.000 Hektar) verschont.<\/p>\n<figure id=\"attachment_2674\" aria-describedby=\"caption-attachment-2674\" style=\"width: 600px\" class=\"wp-caption alignnone\"><img decoding=\"async\" loading=\"lazy\" class=\"size-full wp-image-2674\" src=\"https:\/\/www.vinoalma.de\/blog\/wp-content\/uploads\/2020\/05\/DSC03554.jpg\" alt=\"Alte Reben. Wurzelecht. Thema Weinveredelung\" width=\"600\" height=\"420\" srcset=\"https:\/\/www.vinoalma.de\/blog\/wp-content\/uploads\/2020\/05\/DSC03554.jpg 600w, https:\/\/www.vinoalma.de\/blog\/wp-content\/uploads\/2020\/05\/DSC03554-300x210.jpg 300w\" sizes=\"(max-width: 600px) 100vw, 600px\" \/><figcaption id=\"caption-attachment-2674\" class=\"wp-caption-text\">Dies ist eine der wenigen Parzellen im Weingebiet Rueda, deren St\u00f6cke die gro\u00dfe Reblausplage \u00fcberlebt haben. Diese Verdejo-Reben sind wurzelecht und 157 Jahre alt. Man beachte den sandigen Boden (Foto: Thomas G\u00f6tz)<\/figcaption><\/figure>\n<h2><b>Zum Schutz vor der Reblaus werden europ\u00e4ische Edelreben nur noch als sogenannte Pfropfreben gepflanzt<\/b><\/h2>\n<p>Die Reblaus ist nicht verschwunden, sondern bis heute eine Gefahr f\u00fcr den Weinanbau. Gl\u00fccklicherweise gibt es eine wirksame Methode sich gegen den Sch\u00e4dling zu wehren: Bereits um 1880 fand man heraus, dass amerikanische Wildreben immun gegen die Reblaus sind. Aus diesen Wildreben z\u00fcchtete man widerstandsf\u00e4hige Hybriden.<\/p>\n<p>Seither werden in Europa alle Weinberge zwingend mit sogenannten Pfropfreben angelegt. Eine solche Pfropfrebe besteht aus zwei Teilen: Erstens ist das eine amerikanische Unterlagsrebe, die nach unten in den Boden w\u00e4chst und deren Wurzeln von der Reblaus nicht attackiert werden. Zweitens eine europ\u00e4ische Edelrebe, die nach oben w\u00e4chst und die Trauben tr\u00e4gt.<span class=\"Apple-converted-space\">\u00a0<\/span><\/p>\n<p>Die Namen der europ\u00e4ischen Edelreben kennen wir alle: Sie hei\u00dfen Cabernet Sauvignon, Chardonnay, Tempranillo, und so weiter. Die Namen der amerikanischen Unterlagshybriden kennt hingegen niemand: Oder haben sie schon einmal von Kober 5BB, Teleki 5C oder B\u00f6rner geh\u00f6rt?<\/p>\n<h2><b>Die Weinveredelung: Edelreis und Unterlage werden durch einen Schnitt vereint<\/b><\/h2>\n<p>Die amerikanische Unterlagsrebe besch\u00fctzt also die europ\u00e4ische Edelrebe vor dem Reblaus-Befall. Wie f\u00fcgt man beide zusammen? Das geschieht durch das sogenannte Pfropfen, weshalb man eben von \u201ePfropfreben\u201c spricht. Pfropfen bedeutet laut Definition, dass \u201eder Spross eines wertvollen Gew\u00e4chses auf ein weniger wertvolles Gew\u00e4chs zur Veredlung aufgesetzt wird.\u201c Deshalb wird das Pfropfen auch als Weinveredelung bezeichnet.<\/p>\n<p>Das Pfropfen bzw. die Weinveredelung geschieht, indem das Holz einer Edelrebe (Edelreis) und das Holz einer Unterlagsrebe (Unterlage) mit einem Omegaschnitt vereint werden. Anschlie\u00dfend wird die Schnittstelle mit Wachs versiegelt und ein Steckling herangezogen. Das Aufziehen solcher neuer Reben geschieht in Rebschulen. Wie Unterlage und Edelreis dort zu einem Steckling zusammengef\u00fcgt werden, zeigt anschaulich und im Detail dieses YouTube-Video:<\/p>\n<p><iframe loading=\"lazy\" title=\"Rebschule Thaler\" width=\"660\" height=\"371\" src=\"https:\/\/www.youtube.com\/embed\/dow8VzkMU8k?feature=oembed\" frameborder=\"0\" allow=\"accelerometer; autoplay; encrypted-media; gyroscope; picture-in-picture\" allowfullscreen><\/iframe><\/p>\n<h2><strong>Ob Pfropf- oder wurzelechte Reben: auf die Qualit\u00e4t des Weins hat es keinen Einfluss<\/strong><\/h2>\n<p>In manchen F\u00e4llen pflanzen Winzer zuerst nur eine amerikanische Unterlagsrebe im Weinberg. Diese lassen sie ein oder zwei Jahre Wurzeln schlagen und pfropfen danach das Edelreis der europ\u00e4ischen Rebe am Geh\u00f6lz der Unterlagsrebe auf.<span class=\"Apple-converted-space\">\u00a0Auf diese Art kann die Weinveredelung auch stattfinden.\u00a0<\/span><\/p>\n<p>\u00dcbrigens: Ob eine Rebe wurzelecht oder gepfropft ist, hat keinen Einfluss auf die Qualit\u00e4t des Weins. Den Charakter des Rebstocks und somit des sp\u00e4teren Weins bestimmt einzig die nach oben wachsende, Trauben tragende Edelrebe. Das ist eine gute Nachricht f\u00fcr uns Konsumenten.<\/p>\n<p>Beim Kauf spanischer Weine sto\u00dfen wir Konsumenten h\u00e4ufiger auf Weine, die aus den Trauben von 100 Jahre alten Reben gewonnen sind. Manchmal tragen die Etiketten einen Zusatz wie \u201eVi\u00f1as Centenarias\u201c (Hundertj\u00e4hrige Reben). Solche 100 Jahre alte Reben sind bereits gepfropft. Schon Ende des 19. Jahrhunderts wurden in Europa neue Weinberge mit Pfropfreben angelegt.<\/p>\n<p>Nur ganz selten werden Weinliebhaber einem Gew\u00e4chs begegnen, das aus 150 Jahre alten Reben gekeltert ist. Nicht etwa, weil Reben ein solches Alter nicht erreichen k\u00f6nnten, sondern schlichtweg, weil die Reblaus damals (und in den Folgejahren) nahezu alle Weinberge zerst\u00f6rte.<span class=\"Apple-converted-space\">\u00a0<\/span><\/p>\n<p>In unserem Vino &amp; Alma-Shop f\u00fchren wir einen Wei\u00dfwein, der zum Teil aus solchen raren wurzelechten Reben, die \u00fcber 150 Jahre alt sind, gewonnen wird. Er kommt aus dem galicischen Anbaugebiet Rias Baixas (Sandb\u00f6den) und entstamm der Rebsorte Albari\u00f1o.<span class=\"Apple-converted-space\">\u00a0<\/span><\/p>\n<div class=\"custom-shop-product\" data-url=\"https:\/\/www.vinoalma.de\/anadigna-sobre-lias\"><div class=\"custom-shop-product--inner\"><div class=\"custom-shop-product--image\"><\/div><div class=\"custom-shop-product--content\"><div class=\"custom-shop-product--title\">Anadigna Sobre L\u00edas<\/div><div class=\"custom-shop-product--description\">Wei\u00dfwein aus zum Teil wurzelechten Reben<\/div><\/div><div class=\"custom-shop-product--arrow\"><i class=\"fa fa-angle-right\"><\/i><\/div><\/div><a class=\"custom-shop-product--link\" href=\"https:\/\/www.vinoalma.de\/anadigna-sobre-lias\" target=\"_blank\" title=\"Anadigna Sobre L\u00edas - Wei\u00dfwein aus zum Teil wurzelechten Reben \"><\/a><\/div>\n","protected":false},"excerpt":{"rendered":"<p>Mit 967.000 Hektar Rebfl\u00e4che ist Spanien das gr\u00f6\u00dfte Weinland der Welt. Spanien war im 19. Jahrhundert sogar ein noch viel gr\u00f6\u00dferes Weinland als es heute ist. Gebiete wie M\u00e1laga oder Rueda hatten damals 110.000 Hektar bzw. 90.000 Hektar Rebland. Heute sind es im Fall von M\u00e1laga weniger als 1.000 Hektar, auf denen Weinbau wieder betrieben &hellip; <a href=\"https:\/\/www.vinoalma.de\/blog\/2020\/05\/22\/weinveredelung-pfropfen-reblaus\/\" class=\"more-link\">Continue reading <span class=\"screen-reader-text\">Die Weinveredelung &#8211; warum europ\u00e4ische Edelreben amerikanische Unterlagsreben ben\u00f6tigen<\/span><\/a><\/p>\n","protected":false},"author":5,"featured_media":2676,"comment_status":"closed","ping_status":"closed","sticky":false,"template":"","format":"standard","meta":{"_mi_skip_tracking":false},"categories":[1,85],"tags":[],"yoast_head":"<!-- This site is optimized with the Yoast SEO plugin v20.6 - https:\/\/yoast.com\/wordpress\/plugins\/seo\/ -->\n<title>Die Weinveredelung - wie Rebst\u00f6cke vor der Reblaus gesch\u00fctzt werden<\/title>\n<meta name=\"description\" content=\"Zum Schutz vor der Reblaus werden europ\u00e4ische Reben mit einer amerikanischen Unterlagsrebe vereint. Man spricht dabei von Weinveredelung.\" \/>\n<meta name=\"robots\" content=\"index, follow, max-snippet:-1, max-image-preview:large, max-video-preview:-1\" \/>\n<link rel=\"canonical\" href=\"https:\/\/www.vinoalma.de\/blog\/2020\/05\/22\/weinveredelung-pfropfen-reblaus\/\" \/>\n<meta property=\"og:locale\" content=\"de_DE\" \/>\n<meta property=\"og:type\" content=\"article\" \/>\n<meta property=\"og:title\" content=\"Die Weinveredelung - wie Rebst\u00f6cke vor der Reblaus gesch\u00fctzt werden\" \/>\n<meta property=\"og:description\" content=\"Zum Schutz vor der Reblaus werden europ\u00e4ische Reben mit einer amerikanischen Unterlagsrebe vereint. Man spricht dabei von Weinveredelung.\" \/>\n<meta property=\"og:url\" content=\"https:\/\/www.vinoalma.de\/blog\/2020\/05\/22\/weinveredelung-pfropfen-reblaus\/\" \/>\n<meta property=\"og:site_name\" content=\"Vino&amp;Alma Weinmagazin\" \/>\n<meta property=\"article:published_time\" content=\"2020-05-22T12:40:52+00:00\" \/>\n<meta property=\"og:image\" content=\"https:\/\/www.vinoalma.de\/blog\/wp-content\/uploads\/2020\/05\/DSC02530.jpg\" \/>\n\t<meta property=\"og:image:width\" content=\"750\" \/>\n\t<meta property=\"og:image:height\" content=\"500\" \/>\n\t<meta property=\"og:image:type\" content=\"image\/jpeg\" \/>\n<meta name=\"author\" content=\"Thomas G\u00f6tz\" \/>\n<meta name=\"twitter:card\" content=\"summary_large_image\" \/>\n<meta name=\"twitter:label1\" content=\"Verfasst von\" \/>\n\t<meta name=\"twitter:data1\" content=\"Thomas G\u00f6tz\" \/>\n\t<meta name=\"twitter:label2\" content=\"Gesch\u00e4tzte Lesezeit\" \/>\n\t<meta name=\"twitter:data2\" content=\"4 Minuten\" \/>\n<script type=\"application\/ld+json\" class=\"yoast-schema-graph\">{\"@context\":\"https:\/\/schema.org\",\"@graph\":[{\"@type\":\"WebPage\",\"@id\":\"https:\/\/www.vinoalma.de\/blog\/2020\/05\/22\/weinveredelung-pfropfen-reblaus\/\",\"url\":\"https:\/\/www.vinoalma.de\/blog\/2020\/05\/22\/weinveredelung-pfropfen-reblaus\/\",\"name\":\"Die Weinveredelung - wie Rebst\u00f6cke vor der Reblaus gesch\u00fctzt werden\",\"isPartOf\":{\"@id\":\"https:\/\/www.vinoalma.de\/blog\/#website\"},\"datePublished\":\"2020-05-22T12:40:52+00:00\",\"dateModified\":\"2020-05-22T12:40:52+00:00\",\"author\":{\"@id\":\"https:\/\/www.vinoalma.de\/blog\/#\/schema\/person\/6f3c021d497ee8aa6afa972003456398\"},\"description\":\"Zum Schutz vor der Reblaus werden europ\u00e4ische Reben mit einer amerikanischen Unterlagsrebe vereint. Man spricht dabei von Weinveredelung.\",\"breadcrumb\":{\"@id\":\"https:\/\/www.vinoalma.de\/blog\/2020\/05\/22\/weinveredelung-pfropfen-reblaus\/#breadcrumb\"},\"inLanguage\":\"de-DE\",\"potentialAction\":[{\"@type\":\"ReadAction\",\"target\":[\"https:\/\/www.vinoalma.de\/blog\/2020\/05\/22\/weinveredelung-pfropfen-reblaus\/\"]}]},{\"@type\":\"BreadcrumbList\",\"@id\":\"https:\/\/www.vinoalma.de\/blog\/2020\/05\/22\/weinveredelung-pfropfen-reblaus\/#breadcrumb\",\"itemListElement\":[{\"@type\":\"ListItem\",\"position\":1,\"name\":\"Home\",\"item\":\"https:\/\/www.vinoalma.de\/blog\/\"},{\"@type\":\"ListItem\",\"position\":2,\"name\":\"Allgemein\",\"item\":\"https:\/\/www.vinoalma.de\/blog\/category\/allgemein\/\"},{\"@type\":\"ListItem\",\"position\":3,\"name\":\"Die Weinveredelung &#8211; warum europ\u00e4ische Edelreben amerikanische Unterlagsreben ben\u00f6tigen\"}]},{\"@type\":\"WebSite\",\"@id\":\"https:\/\/www.vinoalma.de\/blog\/#website\",\"url\":\"https:\/\/www.vinoalma.de\/blog\/\",\"name\":\"Vino&amp;Alma Weinmagazin\",\"description\":\"Willkommen beim Weinmagazin von Vino&amp;Alma. Hier finden Sie Informationen \u00fcber spanischen Weine, Weing\u00fcter und Anbaugebiete sowie generell Wissenswertes zum Thema Wein &amp; Kulinarik. \",\"potentialAction\":[{\"@type\":\"SearchAction\",\"target\":{\"@type\":\"EntryPoint\",\"urlTemplate\":\"https:\/\/www.vinoalma.de\/blog\/?s={search_term_string}\"},\"query-input\":\"required name=search_term_string\"}],\"inLanguage\":\"de-DE\"},{\"@type\":\"Person\",\"@id\":\"https:\/\/www.vinoalma.de\/blog\/#\/schema\/person\/6f3c021d497ee8aa6afa972003456398\",\"name\":\"Thomas G\u00f6tz\",\"image\":{\"@type\":\"ImageObject\",\"inLanguage\":\"de-DE\",\"@id\":\"https:\/\/www.vinoalma.de\/blog\/#\/schema\/person\/image\/\",\"url\":\"https:\/\/secure.gravatar.com\/avatar\/2921262b95c583980c07bb351d550484?s=96&d=mm&r=g\",\"contentUrl\":\"https:\/\/secure.gravatar.com\/avatar\/2921262b95c583980c07bb351d550484?s=96&d=mm&r=g\",\"caption\":\"Thomas G\u00f6tz\"},\"url\":\"https:\/\/www.vinoalma.de\/blog\/author\/thomas\/\"}]}<\/script>\n<!-- \/ Yoast SEO plugin. -->","yoast_head_json":{"title":"Die Weinveredelung - wie Rebst\u00f6cke vor der Reblaus gesch\u00fctzt werden","description":"Zum Schutz vor der Reblaus werden europ\u00e4ische Reben mit einer amerikanischen Unterlagsrebe vereint. Man spricht dabei von Weinveredelung.","robots":{"index":"index","follow":"follow","max-snippet":"max-snippet:-1","max-image-preview":"max-image-preview:large","max-video-preview":"max-video-preview:-1"},"canonical":"https:\/\/www.vinoalma.de\/blog\/2020\/05\/22\/weinveredelung-pfropfen-reblaus\/","og_locale":"de_DE","og_type":"article","og_title":"Die Weinveredelung - wie Rebst\u00f6cke vor der Reblaus gesch\u00fctzt werden","og_description":"Zum Schutz vor der Reblaus werden europ\u00e4ische Reben mit einer amerikanischen Unterlagsrebe vereint. Man spricht dabei von Weinveredelung.","og_url":"https:\/\/www.vinoalma.de\/blog\/2020\/05\/22\/weinveredelung-pfropfen-reblaus\/","og_site_name":"Vino&amp;Alma Weinmagazin","article_published_time":"2020-05-22T12:40:52+00:00","og_image":[{"width":750,"height":500,"url":"https:\/\/www.vinoalma.de\/blog\/wp-content\/uploads\/2020\/05\/DSC02530.jpg","type":"image\/jpeg"}],"author":"Thomas G\u00f6tz","twitter_card":"summary_large_image","twitter_misc":{"Verfasst von":"Thomas G\u00f6tz","Gesch\u00e4tzte Lesezeit":"4 Minuten"},"schema":{"@context":"https:\/\/schema.org","@graph":[{"@type":"WebPage","@id":"https:\/\/www.vinoalma.de\/blog\/2020\/05\/22\/weinveredelung-pfropfen-reblaus\/","url":"https:\/\/www.vinoalma.de\/blog\/2020\/05\/22\/weinveredelung-pfropfen-reblaus\/","name":"Die Weinveredelung - wie Rebst\u00f6cke vor der Reblaus gesch\u00fctzt werden","isPartOf":{"@id":"https:\/\/www.vinoalma.de\/blog\/#website"},"datePublished":"2020-05-22T12:40:52+00:00","dateModified":"2020-05-22T12:40:52+00:00","author":{"@id":"https:\/\/www.vinoalma.de\/blog\/#\/schema\/person\/6f3c021d497ee8aa6afa972003456398"},"description":"Zum Schutz vor der Reblaus werden europ\u00e4ische Reben mit einer amerikanischen Unterlagsrebe vereint. Man spricht dabei von Weinveredelung.","breadcrumb":{"@id":"https:\/\/www.vinoalma.de\/blog\/2020\/05\/22\/weinveredelung-pfropfen-reblaus\/#breadcrumb"},"inLanguage":"de-DE","potentialAction":[{"@type":"ReadAction","target":["https:\/\/www.vinoalma.de\/blog\/2020\/05\/22\/weinveredelung-pfropfen-reblaus\/"]}]},{"@type":"BreadcrumbList","@id":"https:\/\/www.vinoalma.de\/blog\/2020\/05\/22\/weinveredelung-pfropfen-reblaus\/#breadcrumb","itemListElement":[{"@type":"ListItem","position":1,"name":"Home","item":"https:\/\/www.vinoalma.de\/blog\/"},{"@type":"ListItem","position":2,"name":"Allgemein","item":"https:\/\/www.vinoalma.de\/blog\/category\/allgemein\/"},{"@type":"ListItem","position":3,"name":"Die Weinveredelung &#8211; warum europ\u00e4ische Edelreben amerikanische Unterlagsreben ben\u00f6tigen"}]},{"@type":"WebSite","@id":"https:\/\/www.vinoalma.de\/blog\/#website","url":"https:\/\/www.vinoalma.de\/blog\/","name":"Vino&amp;Alma Weinmagazin","description":"Willkommen beim Weinmagazin von Vino&amp;Alma. Hier finden Sie Informationen \u00fcber spanischen Weine, Weing\u00fcter und Anbaugebiete sowie generell Wissenswertes zum Thema Wein &amp; Kulinarik. ","potentialAction":[{"@type":"SearchAction","target":{"@type":"EntryPoint","urlTemplate":"https:\/\/www.vinoalma.de\/blog\/?s={search_term_string}"},"query-input":"required name=search_term_string"}],"inLanguage":"de-DE"},{"@type":"Person","@id":"https:\/\/www.vinoalma.de\/blog\/#\/schema\/person\/6f3c021d497ee8aa6afa972003456398","name":"Thomas G\u00f6tz","image":{"@type":"ImageObject","inLanguage":"de-DE","@id":"https:\/\/www.vinoalma.de\/blog\/#\/schema\/person\/image\/","url":"https:\/\/secure.gravatar.com\/avatar\/2921262b95c583980c07bb351d550484?s=96&d=mm&r=g","contentUrl":"https:\/\/secure.gravatar.com\/avatar\/2921262b95c583980c07bb351d550484?s=96&d=mm&r=g","caption":"Thomas G\u00f6tz"},"url":"https:\/\/www.vinoalma.de\/blog\/author\/thomas\/"}]}},"_links":{"self":[{"href":"https:\/\/www.vinoalma.de\/blog\/wp-json\/wp\/v2\/posts\/2671"}],"collection":[{"href":"https:\/\/www.vinoalma.de\/blog\/wp-json\/wp\/v2\/posts"}],"about":[{"href":"https:\/\/www.vinoalma.de\/blog\/wp-json\/wp\/v2\/types\/post"}],"author":[{"embeddable":true,"href":"https:\/\/www.vinoalma.de\/blog\/wp-json\/wp\/v2\/users\/5"}],"replies":[{"embeddable":true,"href":"https:\/\/www.vinoalma.de\/blog\/wp-json\/wp\/v2\/comments?post=2671"}],"version-history":[{"count":2,"href":"https:\/\/www.vinoalma.de\/blog\/wp-json\/wp\/v2\/posts\/2671\/revisions"}],"predecessor-version":[{"id":2675,"href":"https:\/\/www.vinoalma.de\/blog\/wp-json\/wp\/v2\/posts\/2671\/revisions\/2675"}],"wp:featuredmedia":[{"embeddable":true,"href":"https:\/\/www.vinoalma.de\/blog\/wp-json\/wp\/v2\/media\/2676"}],"wp:attachment":[{"href":"https:\/\/www.vinoalma.de\/blog\/wp-json\/wp\/v2\/media?parent=2671"}],"wp:term":[{"taxonomy":"category","embeddable":true,"href":"https:\/\/www.vinoalma.de\/blog\/wp-json\/wp\/v2\/categories?post=2671"},{"taxonomy":"post_tag","embeddable":true,"href":"https:\/\/www.vinoalma.de\/blog\/wp-json\/wp\/v2\/tags?post=2671"}],"curies":[{"name":"wp","href":"https:\/\/api.w.org\/{rel}","templated":true}]}}