{"id":2458,"date":"2019-11-10T19:06:05","date_gmt":"2019-11-10T18:06:05","guid":{"rendered":"https:\/\/www.vinoalma.de\/blog\/?p=2458"},"modified":"2021-01-14T18:14:02","modified_gmt":"2021-01-14T17:14:02","slug":"der-jahrgang-2019-wie-gut-wird-er-in-rioja-und-ribera-del-duero","status":"publish","type":"post","link":"https:\/\/www.vinoalma.de\/blog\/2019\/11\/10\/der-jahrgang-2019-wie-gut-wird-er-in-rioja-und-ribera-del-duero\/","title":{"rendered":"Der Jahrgang 2019 &#8211; wie gut wird er in Rioja und Ribera del Duero?"},"content":{"rendered":"<p>Das Weinjahr geht dem Ende entgegen. Die Weinberge f\u00e4rben sich bunt, und die Reben fallen demn\u00e4chst in eine Winterruhe. Derzeit findet die Hauptarbeit in den Kellern statt. Was die Winzer bei der Ernte eingefahren haben, ist mittlerweile vergoren. Nun geht es darum den Ausbau zu bestimmen. Einige Weine werden in Stahltanks als Jungweine vinifiziert. Andere Gew\u00e4chse erfahren einen mehrmonatigen, manchmal sogar langj\u00e4hrigen Ausbau auf der Feinhefe bzw. in Holzfudern und Barriques.<\/p>\n<p>Welchen Stil die Weinmacher auch immer w\u00e4hlen m\u00f6gen, der Jahrgang 2019 k\u00f6nnte ein Gro\u00dfer werden. Besonders aus Spaniens Vorzeige-Regionen <a href=\"https:\/\/www.vinoalma.de\/blog\/2019\/09\/19\/rioja-wein-weintourismus\/\" target=\"_blank\" rel=\"noopener noreferrer\">Rioja<\/a> und Ribera del Duero erhalten wir diesbez\u00fcglich positive Nachrichten.<\/p>\n<h2><strong>Rioja &#8211; bemerkenswerte Struktur und gro\u00dfes Reifepotenzial<\/strong><\/h2>\n<p>Die aktuelle Pressemitteilung des Kontrollrats der DOCa Rioja f\u00e4llt geradezu euphorisch aus. Zwar wurden 2019 in Spaniens zweitgr\u00f6\u00dftem Weingebiet in der Menge weniger Trauben als im Vorjahr geerntet. Daf\u00fcr sei die Qualit\u00e4t herausragend. Von einem&nbsp; \u201eeinzigartigen\u201c und \u201edenkw\u00fcrdigen\u201c Jahrgang 2019 ist in der Pressemitteilung die Rede.<\/p>\n<p>Ein Grund daf\u00fcr, so die Pressemitteilung weiter, sei unter anderem die stabile Wetterlage w\u00e4hrend der Erntezeit im September und Oktober. Die optimalen Bedingungen h\u00e4tten ein sehr gesundes Lesegut erbracht.<\/p>\n<p>Insgesamt sei das Jahr im Weinberg positiv verlaufen. Als Beispiel f\u00fcr die hohe Qualit\u00e4t werden niedrige Ertr\u00e4ge, lockere Traubencluster (gut gegen F\u00e4ulnisbefall) und verh\u00e4ltnism\u00e4\u00dfig kleine Beeren genannt. Das sind alles Anzeichen f\u00fcr Spitzenqualit\u00e4t. Entsprechend erwarten die Verantwortlichen der DOCa Rioja Weine mit bemerkenswerter Struktur, exzellenter Aromatik und gro\u00dfartigem Reifepotenzial. Ob\u2019s denn wirklich so kommt, werden wir in zwei bis drei Jahren sehen bzw. schmecken. Es liegt jetzt in der Hand der Weinmacher.<\/p>\n<h2><strong>Rioja: Die relevanten Zahlen f\u00fcr den Jahrgang 2019 im \u00dcberblick<\/strong><\/h2>\n<p>DO-Gebiet: 65.001 Hektar<\/p>\n<p>Erntemenge: 385 Mio. Kg Trauben<\/p>\n<p>Menge pro Hektar: 5923 kg\/ha<\/p>\n<figure id=\"attachment_2466\" aria-describedby=\"caption-attachment-2466\" style=\"width: 600px\" class=\"wp-caption aligncenter\"><img decoding=\"async\" loading=\"lazy\" class=\"size-full wp-image-2466\" src=\"https:\/\/www.vinoalma.de\/blog\/wp-content\/uploads\/2019\/11\/resize_BODEGAS-ALTUN5.jpg\" alt=\"Bodegas Alt\u00fan in der D.O.C. Rioja\" width=\"600\" height=\"260\" srcset=\"https:\/\/www.vinoalma.de\/blog\/wp-content\/uploads\/2019\/11\/resize_BODEGAS-ALTUN5.jpg 600w, https:\/\/www.vinoalma.de\/blog\/wp-content\/uploads\/2019\/11\/resize_BODEGAS-ALTUN5-300x130.jpg 300w\" sizes=\"(max-width: 600px) 100vw, 600px\" \/><figcaption id=\"caption-attachment-2466\" class=\"wp-caption-text\">Laubf\u00e4rbung zur Erntezeit bei Bodegas Alt\u00fan in der D.O.C. Rioja<\/figcaption><\/figure>\n<h2><strong>Ribera del Duero &#8211; weniger Ertr\u00e4ge und hohe Qualit\u00e4t<\/strong><\/h2>\n<p>Ebenfalls pr\u00e4chtig liest sich das Ernte-Res\u00fcmee des Kontrollrats der DO Ribera del Duero. Wie das Rioja weist auch Ribera del Duero niedrigere Erntemengen als zum Vorjahr auf (ca. 23% weniger als 2018). Daf\u00fcr zeigen sich die Weinmacher jener nordspanischen Appellation ebenso von der G\u00fcte und Gesundheit der Trauben begeistert.<\/p>\n<p>Ein Gesetz des Weinbaus lautet: Je niedriger die Ertr\u00e4ge, umso h\u00f6her die Qualit\u00e4t. Wer guten Wein erzeugen will, muss daf\u00fcr sorgen, dass die Rebe nicht zu viele Trauben tr\u00e4gt. Deshalb gibt es den sogenannten Gr\u00fcnschnitt, bei dem der Winzer im Sommer \u00fcbersch\u00fcssige Trauben vom Weinstock entfernt. In diesem Jahr scheint die Natur in Ribera del Duero selbst f\u00fcr diesen Umstand gesorgt zu haben. Zudem, so die Meldung, h\u00e4tten g\u00fcnstige klimatische Bedingungen eine perfekte Reifung erm\u00f6glicht.<\/p>\n<p>Ebenfalls sind im Jahrgang 2019 die Beeren kleiner als \u00fcblich. Das hei\u00dft konkret, dass der Schalenanteil im Vergleich zu Saft und Fruchtfleisch h\u00f6her ist. In den Beerenh\u00e4uten sitzen die Farbpigmente und Gerbstoffe. F\u00fcr den Jahrgang 2019 prognostiziert der Kontrollrat der DO Ribera del Duero deshalb aromatische und farbintensive Weine mit guter S\u00e4ure und reifem, samtigem Tannin. Auch hier d\u00fcrfte das Lagerpotenzial gro\u00df sein.<\/p>\n<h3><strong>Ribera del Duero: Die relevanten Zahlen f\u00fcr den Jahrgang 2019 im \u00dcberblick<\/strong><\/h3>\n<p>DO-Gebiet: 23.371 Hektar<\/p>\n<p>Erntemenge: 96 Mio. Kg Trauben<\/p>\n<p>Menge pro Hektar: 4107 kg\/ha<\/p>\n<h2><strong>Der Jahrgang 2019 und Gr\u00fcnde f\u00fcr die hohe Traubenqualit\u00e4t<\/strong><\/h2>\n<figure id=\"attachment_2464\" aria-describedby=\"caption-attachment-2464\" style=\"width: 600px\" class=\"wp-caption aligncenter\"><img decoding=\"async\" loading=\"lazy\" class=\"size-full wp-image-2464\" src=\"https:\/\/www.vinoalma.de\/blog\/wp-content\/uploads\/2019\/11\/Foto-2-1.jpg\" alt=\"Der Jahrgang 2019 - wie gut wird er in Rioja und Ribera del Duero?\" width=\"600\" height=\"450\" srcset=\"https:\/\/www.vinoalma.de\/blog\/wp-content\/uploads\/2019\/11\/Foto-2-1.jpg 600w, https:\/\/www.vinoalma.de\/blog\/wp-content\/uploads\/2019\/11\/Foto-2-1-300x225.jpg 300w, https:\/\/www.vinoalma.de\/blog\/wp-content\/uploads\/2019\/11\/Foto-2-1-565x424.jpg 565w, https:\/\/www.vinoalma.de\/blog\/wp-content\/uploads\/2019\/11\/Foto-2-1-310x232.jpg 310w\" sizes=\"(max-width: 600px) 100vw, 600px\" \/><figcaption id=\"caption-attachment-2464\" class=\"wp-caption-text\">Perfekt gereifte Tempranillo-Trauben<\/figcaption><\/figure>\n<p>In den Ernteberichten zu Rioja und Ribera del Duero sind bereits einige Merkmale aufgef\u00fchrt, die den Jahrgang 2019 besonders machen. Das w\u00e4ren zum Beispiel kleine Beeren sowie ein gesundes und aromatisch ausgereiftes Lesegut.<\/p>\n<p>Abschlie\u00dfend wollen wir das ein wenig vertiefen: Es ist allgemein bekannt, dass Klima und Wetter einen gro\u00dfen Einfluss auf den Wein bzw. die Entwicklung der Trauben aus\u00fcben. Im Verlauf eines Jahres kann vieles passieren, was einen Weinmacher vor Probleme stellt.<\/p>\n<p>Diesbez\u00fcglich ein paar Beispiele: Frost im Fr\u00fchjahr kann die Bl\u00fcten der Trauben zerst\u00f6ren. Hitzewellen im Sommer f\u00fchren dazu, dass die Reben gestresst sind, die Trauben zu schnell reifen und die Alkoholgrade nach oben schie\u00dfen. Zu viel Regen und Feuchtigkeit k\u00f6nnen wiederum F\u00e4ulnis- und Pilzbefall mit sich bringen. Oder es gibt Hagel im Sp\u00e4tsommer, der die Trauben besch\u00e4digt und in der Folge erkranken l\u00e4sst. Last but not least kommt es auf die Wettersituation w\u00e4hrend der Ernte an: Im Idealfall ist es trocken. Es sollte zum einen nicht zu hei\u00df sein (das Lesegut oxidiert dann schneller). Zum anderen sind Regen und N\u00e4sse ebenfalls nicht gut, um die Ernte einzufahren.<\/p>\n<p>Im Umkehrschluss bedeutet dies: Wenn die im vorigen Absatz genannten negativen Faktoren ausbleiben, so wie es dieses Jahr in Rioja und Ribera del Duero der Fall war, dann darf man einen gro\u00dfen Jahrgang erwarten. 2019 brachte diesen Appellationen ausreichend Sonne und Regen. Aber keine Hitzewellen und D\u00fcrrephasen, welche die Reben stressen und die Reifephasen beschleunigen. Langsame Reifephasen bedeuten, dass sich die Beeren aromatisch optimal entwickeln k\u00f6nnen. Ebenso bilden sich S\u00e4ure und Tannine besser heraus.<\/p>\n<p>Aroma, S\u00e4ure, Tannin: Diese Faktoren sind die Grundvoraussetzungen f\u00fcr gute Weine. Und je besser diese Voraussetzungen gegeben sind, umso mehr d\u00fcrfen wir vom sp\u00e4teren Wein erwarten. Die Natur hat in Rioja und Ribera del Duero ihre Arbeit f\u00fcr dieses Jahr also getan. F\u00fcr die Kellermeister gibt es keine Ausreden.<\/p>\n","protected":false},"excerpt":{"rendered":"<p>Das Weinjahr geht dem Ende entgegen. Die Weinberge f\u00e4rben sich bunt, und die Reben fallen demn\u00e4chst in eine Winterruhe. Derzeit findet die Hauptarbeit in den Kellern statt. Was die Winzer bei der Ernte eingefahren haben, ist mittlerweile vergoren. Nun geht es darum den Ausbau zu bestimmen. Einige Weine werden in Stahltanks als Jungweine vinifiziert. Andere &hellip; <a href=\"https:\/\/www.vinoalma.de\/blog\/2019\/11\/10\/der-jahrgang-2019-wie-gut-wird-er-in-rioja-und-ribera-del-duero\/\" class=\"more-link\">Continue reading <span class=\"screen-reader-text\">Der Jahrgang 2019 &#8211; wie gut wird er in Rioja und Ribera del Duero?<\/span><\/a><\/p>\n","protected":false},"author":5,"featured_media":2387,"comment_status":"closed","ping_status":"open","sticky":false,"template":"","format":"standard","meta":{"_mi_skip_tracking":false},"categories":[1,87,89],"tags":[101,103,102],"yoast_head":"<!-- This site is optimized with the Yoast SEO plugin v20.6 - https:\/\/yoast.com\/wordpress\/plugins\/seo\/ -->\n<title>Jahrgang 2019: Erntebericht zu Rioja und Ribera del Duero<\/title>\n<meta name=\"description\" content=\"Der Jahrgang 2019 k\u00f6nnte ein Gro\u00dfer werden. Aus Spaniens Vorzeige-Anbaugebieten Rioja und Ribera del Duero kommen diesbez\u00fcglich positive Nachrichten.\" \/>\n<meta name=\"robots\" content=\"index, follow, max-snippet:-1, max-image-preview:large, max-video-preview:-1\" \/>\n<link rel=\"canonical\" href=\"https:\/\/www.vinoalma.de\/blog\/2019\/11\/10\/der-jahrgang-2019-wie-gut-wird-er-in-rioja-und-ribera-del-duero\/\" \/>\n<meta property=\"og:locale\" content=\"de_DE\" \/>\n<meta property=\"og:type\" content=\"article\" \/>\n<meta property=\"og:title\" content=\"Jahrgang 2019: Erntebericht zu Rioja und Ribera del Duero\" \/>\n<meta property=\"og:description\" content=\"Der Jahrgang 2019 k\u00f6nnte ein Gro\u00dfer werden. Aus Spaniens Vorzeige-Anbaugebieten Rioja und Ribera del Duero kommen diesbez\u00fcglich positive Nachrichten.\" \/>\n<meta property=\"og:url\" content=\"https:\/\/www.vinoalma.de\/blog\/2019\/11\/10\/der-jahrgang-2019-wie-gut-wird-er-in-rioja-und-ribera-del-duero\/\" \/>\n<meta property=\"og:site_name\" content=\"Vino&amp;Alma Weinmagazin\" \/>\n<meta property=\"article:published_time\" content=\"2019-11-10T18:06:05+00:00\" \/>\n<meta property=\"article:modified_time\" content=\"2021-01-14T17:14:02+00:00\" \/>\n<meta property=\"og:image\" content=\"https:\/\/www.vinoalma.de\/blog\/wp-content\/uploads\/2019\/09\/Portada.jpg\" \/>\n\t<meta property=\"og:image:width\" content=\"1000\" \/>\n\t<meta property=\"og:image:height\" content=\"649\" \/>\n\t<meta property=\"og:image:type\" content=\"image\/jpeg\" \/>\n<meta name=\"author\" content=\"Thomas G\u00f6tz\" \/>\n<meta name=\"twitter:card\" content=\"summary_large_image\" \/>\n<meta name=\"twitter:label1\" content=\"Verfasst von\" \/>\n\t<meta name=\"twitter:data1\" content=\"Thomas G\u00f6tz\" \/>\n\t<meta name=\"twitter:label2\" content=\"Gesch\u00e4tzte Lesezeit\" \/>\n\t<meta name=\"twitter:data2\" content=\"5 Minuten\" \/>\n<script type=\"application\/ld+json\" class=\"yoast-schema-graph\">{\"@context\":\"https:\/\/schema.org\",\"@graph\":[{\"@type\":\"WebPage\",\"@id\":\"https:\/\/www.vinoalma.de\/blog\/2019\/11\/10\/der-jahrgang-2019-wie-gut-wird-er-in-rioja-und-ribera-del-duero\/\",\"url\":\"https:\/\/www.vinoalma.de\/blog\/2019\/11\/10\/der-jahrgang-2019-wie-gut-wird-er-in-rioja-und-ribera-del-duero\/\",\"name\":\"Jahrgang 2019: Erntebericht zu Rioja und Ribera del Duero\",\"isPartOf\":{\"@id\":\"https:\/\/www.vinoalma.de\/blog\/#website\"},\"datePublished\":\"2019-11-10T18:06:05+00:00\",\"dateModified\":\"2021-01-14T17:14:02+00:00\",\"author\":{\"@id\":\"https:\/\/www.vinoalma.de\/blog\/#\/schema\/person\/6f3c021d497ee8aa6afa972003456398\"},\"description\":\"Der Jahrgang 2019 k\u00f6nnte ein Gro\u00dfer werden. Aus Spaniens Vorzeige-Anbaugebieten Rioja und Ribera del Duero kommen diesbez\u00fcglich positive Nachrichten.\",\"breadcrumb\":{\"@id\":\"https:\/\/www.vinoalma.de\/blog\/2019\/11\/10\/der-jahrgang-2019-wie-gut-wird-er-in-rioja-und-ribera-del-duero\/#breadcrumb\"},\"inLanguage\":\"de-DE\",\"potentialAction\":[{\"@type\":\"ReadAction\",\"target\":[\"https:\/\/www.vinoalma.de\/blog\/2019\/11\/10\/der-jahrgang-2019-wie-gut-wird-er-in-rioja-und-ribera-del-duero\/\"]}]},{\"@type\":\"BreadcrumbList\",\"@id\":\"https:\/\/www.vinoalma.de\/blog\/2019\/11\/10\/der-jahrgang-2019-wie-gut-wird-er-in-rioja-und-ribera-del-duero\/#breadcrumb\",\"itemListElement\":[{\"@type\":\"ListItem\",\"position\":1,\"name\":\"Home\",\"item\":\"https:\/\/www.vinoalma.de\/blog\/\"},{\"@type\":\"ListItem\",\"position\":2,\"name\":\"Kategorien\",\"item\":\"https:\/\/www.vinoalma.de\/blog\/category\/kategorien\/\"},{\"@type\":\"ListItem\",\"position\":3,\"name\":\"Weinnews\",\"item\":\"https:\/\/www.vinoalma.de\/blog\/category\/kategorien\/weinnews\/\"},{\"@type\":\"ListItem\",\"position\":4,\"name\":\"Der Jahrgang 2019 &#8211; wie gut wird er in Rioja und Ribera del Duero?\"}]},{\"@type\":\"WebSite\",\"@id\":\"https:\/\/www.vinoalma.de\/blog\/#website\",\"url\":\"https:\/\/www.vinoalma.de\/blog\/\",\"name\":\"Vino&amp;Alma Weinmagazin\",\"description\":\"Willkommen beim Weinmagazin von Vino&amp;Alma. Hier finden Sie Informationen \u00fcber spanischen Weine, Weing\u00fcter und Anbaugebiete sowie generell Wissenswertes zum Thema Wein &amp; Kulinarik. \",\"potentialAction\":[{\"@type\":\"SearchAction\",\"target\":{\"@type\":\"EntryPoint\",\"urlTemplate\":\"https:\/\/www.vinoalma.de\/blog\/?s={search_term_string}\"},\"query-input\":\"required name=search_term_string\"}],\"inLanguage\":\"de-DE\"},{\"@type\":\"Person\",\"@id\":\"https:\/\/www.vinoalma.de\/blog\/#\/schema\/person\/6f3c021d497ee8aa6afa972003456398\",\"name\":\"Thomas G\u00f6tz\",\"image\":{\"@type\":\"ImageObject\",\"inLanguage\":\"de-DE\",\"@id\":\"https:\/\/www.vinoalma.de\/blog\/#\/schema\/person\/image\/\",\"url\":\"https:\/\/secure.gravatar.com\/avatar\/2921262b95c583980c07bb351d550484?s=96&d=mm&r=g\",\"contentUrl\":\"https:\/\/secure.gravatar.com\/avatar\/2921262b95c583980c07bb351d550484?s=96&d=mm&r=g\",\"caption\":\"Thomas G\u00f6tz\"},\"url\":\"https:\/\/www.vinoalma.de\/blog\/author\/thomas\/\"}]}<\/script>\n<!-- \/ Yoast SEO plugin. -->","yoast_head_json":{"title":"Jahrgang 2019: Erntebericht zu Rioja und Ribera del Duero","description":"Der Jahrgang 2019 k\u00f6nnte ein Gro\u00dfer werden. Aus Spaniens Vorzeige-Anbaugebieten Rioja und Ribera del Duero kommen diesbez\u00fcglich positive Nachrichten.","robots":{"index":"index","follow":"follow","max-snippet":"max-snippet:-1","max-image-preview":"max-image-preview:large","max-video-preview":"max-video-preview:-1"},"canonical":"https:\/\/www.vinoalma.de\/blog\/2019\/11\/10\/der-jahrgang-2019-wie-gut-wird-er-in-rioja-und-ribera-del-duero\/","og_locale":"de_DE","og_type":"article","og_title":"Jahrgang 2019: Erntebericht zu Rioja und Ribera del Duero","og_description":"Der Jahrgang 2019 k\u00f6nnte ein Gro\u00dfer werden. Aus Spaniens Vorzeige-Anbaugebieten Rioja und Ribera del Duero kommen diesbez\u00fcglich positive Nachrichten.","og_url":"https:\/\/www.vinoalma.de\/blog\/2019\/11\/10\/der-jahrgang-2019-wie-gut-wird-er-in-rioja-und-ribera-del-duero\/","og_site_name":"Vino&amp;Alma Weinmagazin","article_published_time":"2019-11-10T18:06:05+00:00","article_modified_time":"2021-01-14T17:14:02+00:00","og_image":[{"width":1000,"height":649,"url":"https:\/\/www.vinoalma.de\/blog\/wp-content\/uploads\/2019\/09\/Portada.jpg","type":"image\/jpeg"}],"author":"Thomas G\u00f6tz","twitter_card":"summary_large_image","twitter_misc":{"Verfasst von":"Thomas G\u00f6tz","Gesch\u00e4tzte Lesezeit":"5 Minuten"},"schema":{"@context":"https:\/\/schema.org","@graph":[{"@type":"WebPage","@id":"https:\/\/www.vinoalma.de\/blog\/2019\/11\/10\/der-jahrgang-2019-wie-gut-wird-er-in-rioja-und-ribera-del-duero\/","url":"https:\/\/www.vinoalma.de\/blog\/2019\/11\/10\/der-jahrgang-2019-wie-gut-wird-er-in-rioja-und-ribera-del-duero\/","name":"Jahrgang 2019: Erntebericht zu Rioja und Ribera del Duero","isPartOf":{"@id":"https:\/\/www.vinoalma.de\/blog\/#website"},"datePublished":"2019-11-10T18:06:05+00:00","dateModified":"2021-01-14T17:14:02+00:00","author":{"@id":"https:\/\/www.vinoalma.de\/blog\/#\/schema\/person\/6f3c021d497ee8aa6afa972003456398"},"description":"Der Jahrgang 2019 k\u00f6nnte ein Gro\u00dfer werden. Aus Spaniens Vorzeige-Anbaugebieten Rioja und Ribera del Duero kommen diesbez\u00fcglich positive Nachrichten.","breadcrumb":{"@id":"https:\/\/www.vinoalma.de\/blog\/2019\/11\/10\/der-jahrgang-2019-wie-gut-wird-er-in-rioja-und-ribera-del-duero\/#breadcrumb"},"inLanguage":"de-DE","potentialAction":[{"@type":"ReadAction","target":["https:\/\/www.vinoalma.de\/blog\/2019\/11\/10\/der-jahrgang-2019-wie-gut-wird-er-in-rioja-und-ribera-del-duero\/"]}]},{"@type":"BreadcrumbList","@id":"https:\/\/www.vinoalma.de\/blog\/2019\/11\/10\/der-jahrgang-2019-wie-gut-wird-er-in-rioja-und-ribera-del-duero\/#breadcrumb","itemListElement":[{"@type":"ListItem","position":1,"name":"Home","item":"https:\/\/www.vinoalma.de\/blog\/"},{"@type":"ListItem","position":2,"name":"Kategorien","item":"https:\/\/www.vinoalma.de\/blog\/category\/kategorien\/"},{"@type":"ListItem","position":3,"name":"Weinnews","item":"https:\/\/www.vinoalma.de\/blog\/category\/kategorien\/weinnews\/"},{"@type":"ListItem","position":4,"name":"Der Jahrgang 2019 &#8211; wie gut wird er in Rioja und Ribera del Duero?"}]},{"@type":"WebSite","@id":"https:\/\/www.vinoalma.de\/blog\/#website","url":"https:\/\/www.vinoalma.de\/blog\/","name":"Vino&amp;Alma Weinmagazin","description":"Willkommen beim Weinmagazin von Vino&amp;Alma. Hier finden Sie Informationen \u00fcber spanischen Weine, Weing\u00fcter und Anbaugebiete sowie generell Wissenswertes zum Thema Wein &amp; Kulinarik. ","potentialAction":[{"@type":"SearchAction","target":{"@type":"EntryPoint","urlTemplate":"https:\/\/www.vinoalma.de\/blog\/?s={search_term_string}"},"query-input":"required name=search_term_string"}],"inLanguage":"de-DE"},{"@type":"Person","@id":"https:\/\/www.vinoalma.de\/blog\/#\/schema\/person\/6f3c021d497ee8aa6afa972003456398","name":"Thomas G\u00f6tz","image":{"@type":"ImageObject","inLanguage":"de-DE","@id":"https:\/\/www.vinoalma.de\/blog\/#\/schema\/person\/image\/","url":"https:\/\/secure.gravatar.com\/avatar\/2921262b95c583980c07bb351d550484?s=96&d=mm&r=g","contentUrl":"https:\/\/secure.gravatar.com\/avatar\/2921262b95c583980c07bb351d550484?s=96&d=mm&r=g","caption":"Thomas G\u00f6tz"},"url":"https:\/\/www.vinoalma.de\/blog\/author\/thomas\/"}]}},"_links":{"self":[{"href":"https:\/\/www.vinoalma.de\/blog\/wp-json\/wp\/v2\/posts\/2458"}],"collection":[{"href":"https:\/\/www.vinoalma.de\/blog\/wp-json\/wp\/v2\/posts"}],"about":[{"href":"https:\/\/www.vinoalma.de\/blog\/wp-json\/wp\/v2\/types\/post"}],"author":[{"embeddable":true,"href":"https:\/\/www.vinoalma.de\/blog\/wp-json\/wp\/v2\/users\/5"}],"replies":[{"embeddable":true,"href":"https:\/\/www.vinoalma.de\/blog\/wp-json\/wp\/v2\/comments?post=2458"}],"version-history":[{"count":3,"href":"https:\/\/www.vinoalma.de\/blog\/wp-json\/wp\/v2\/posts\/2458\/revisions"}],"predecessor-version":[{"id":3085,"href":"https:\/\/www.vinoalma.de\/blog\/wp-json\/wp\/v2\/posts\/2458\/revisions\/3085"}],"wp:featuredmedia":[{"embeddable":true,"href":"https:\/\/www.vinoalma.de\/blog\/wp-json\/wp\/v2\/media\/2387"}],"wp:attachment":[{"href":"https:\/\/www.vinoalma.de\/blog\/wp-json\/wp\/v2\/media?parent=2458"}],"wp:term":[{"taxonomy":"category","embeddable":true,"href":"https:\/\/www.vinoalma.de\/blog\/wp-json\/wp\/v2\/categories?post=2458"},{"taxonomy":"post_tag","embeddable":true,"href":"https:\/\/www.vinoalma.de\/blog\/wp-json\/wp\/v2\/tags?post=2458"}],"curies":[{"name":"wp","href":"https:\/\/api.w.org\/{rel}","templated":true}]}}