{"id":2222,"date":"2019-01-21T17:51:20","date_gmt":"2019-01-21T16:51:20","guid":{"rendered":"https:\/\/www.vinoalma.de\/blog\/?p=2222"},"modified":"2020-02-04T13:04:54","modified_gmt":"2020-02-04T12:04:54","slug":"bodegas-ruberte-3-generationen-mit-dem-besonderen-haendchen-fuer-die-rebsorte-garnacha","status":"publish","type":"post","link":"https:\/\/www.vinoalma.de\/blog\/2019\/01\/21\/bodegas-ruberte-3-generationen-mit-dem-besonderen-haendchen-fuer-die-rebsorte-garnacha\/","title":{"rendered":"Bodegas Ruberte \u2013 3 Generationen mit dem besonderen H\u00e4ndchen f\u00fcr die Rebsorte Garnacha"},"content":{"rendered":"<p>Anfang Januar waren wir zu Besuch bei den Bodegas Ruberte. Das Weingut liegt im Herzen der Weinregion D.O. Campo de Borja und ist ein absoluter Spezialist f\u00fcr tolle Rotweine aus der Rebsorte Garnacha Negra.<\/p>\n<p>Nach dem \u201eMittagessen\u201c,das in Spanien \u00fcblicherweise nicht vor 14.30 Uhr beginnt und aus drei G\u00e4ngen besteht, empfingen uns <strong>Susanna und ihre Tochter Ana<\/strong>. Die Begr\u00fc\u00dfung war herzlich und nach einem kurzem Plausch machten wir einen Rundgang durch das Weingut. Besser gesagt eine Rundfahrt, denn zur Bodega geh\u00f6ren insgesamt vier verschiedene Bereiche. Neben dem Hauptweingut <a href=\"https:\/\/www.vinoalma.de\/seite\/weingut-ruberte\/\" target=\"_blank\" rel=\"noopener noreferrer\">Bodegas Ruberte<\/a> im Ort <strong>Magall\u00f3n<\/strong> befinden sich weitere Teile des Weingutes in zwei der umliegenden D\u00f6rfer.<\/p>\n<p><strong>Susanna, die als erste Frau in der Region Aragon den Titel der \u00d6nologin verliehen bekam<\/strong>, f\u00fchrte uns zu Beginn in den altehrw\u00fcrdigen Weinkeller, die Bodega im eigentlichen Sinne. Solche T\u00fcren, die in das Innere des Erdreichs f\u00fchren (siehe Bild), finden sich in fast allen spanischen D\u00f6rfern, in denen Wein angebaut wird. <strong>In den Kellern<\/strong> \u2013 bzw. H\u00f6hlen \u2013 <strong>herrschen optimale Bedingungen f\u00fcr die Weinlagerung<\/strong>. Beim ersten Betreten bleibt man ein wenig \u00fcberw\u00e4ltigt zur\u00fcck, denn hinter dieser kleinen unscheinbaren T\u00fcr verbirgt sich ein schon vor Jahrhunderten in den Berg gehauener, unerwartet gro\u00dfer Weinkeller. <strong>Hier lagern spezielle Weine in Holzf\u00e4ssern mit einem Volumen von bis zu 50.000 Liter<\/strong>n: edle Jahrg\u00e4nge oder besondere Ernten, die abseits des Standard-Repertoires des Weingutes Spezialabf\u00fcllungen ergeben. Diese finden ihren Weg unter anderem bis zu Liebhabern nach Japan.<\/p>\n<p><img decoding=\"async\" loading=\"lazy\" class=\"alignnone wp-image-2223\" src=\"https:\/\/www.vinoalma.de\/blog\/wp-content\/uploads\/2019\/01\/Foto-B.-Ruberte-1-300x225.jpg\" alt=\"\" width=\"400\" height=\"300\" srcset=\"https:\/\/www.vinoalma.de\/blog\/wp-content\/uploads\/2019\/01\/Foto-B.-Ruberte-1-300x225.jpg 300w, https:\/\/www.vinoalma.de\/blog\/wp-content\/uploads\/2019\/01\/Foto-B.-Ruberte-1-768x576.jpg 768w, https:\/\/www.vinoalma.de\/blog\/wp-content\/uploads\/2019\/01\/Foto-B.-Ruberte-1-565x424.jpg 565w, https:\/\/www.vinoalma.de\/blog\/wp-content\/uploads\/2019\/01\/Foto-B.-Ruberte-1-310x232.jpg 310w, https:\/\/www.vinoalma.de\/blog\/wp-content\/uploads\/2019\/01\/Foto-B.-Ruberte-1.jpg 801w\" sizes=\"(max-width: 400px) 100vw, 400px\" \/>\u00a0<img decoding=\"async\" loading=\"lazy\" class=\"alignnone size-medium wp-image-2224\" src=\"https:\/\/www.vinoalma.de\/blog\/wp-content\/uploads\/2019\/01\/Foto-B.-Ruberte-2-e1547834288111-225x300.jpg\" alt=\"\" width=\"225\" height=\"300\" srcset=\"https:\/\/www.vinoalma.de\/blog\/wp-content\/uploads\/2019\/01\/Foto-B.-Ruberte-2-e1547834288111-225x300.jpg 225w, https:\/\/www.vinoalma.de\/blog\/wp-content\/uploads\/2019\/01\/Foto-B.-Ruberte-2-e1547834288111-318x424.jpg 318w, https:\/\/www.vinoalma.de\/blog\/wp-content\/uploads\/2019\/01\/Foto-B.-Ruberte-2-e1547834288111.jpg 574w\" sizes=\"(max-width: 225px) 100vw, 225px\" \/><\/p>\n<p>Den Weinkeller hat die Familie nat\u00fcrlich nicht selbst angelegt. <strong>Gegr\u00fcndet wurde das Weingut 1948 von Andr\u00e9s Ruberte<\/strong>. Schon lange war die Familie im Weinbau t\u00e4tig und besa\u00df eigene Weinberge. Die Ernte wurde jedoch jedes Jahr zum gro\u00dfen Teil verkauft. Schlie\u00dflich entschied man sich, eigene Weine zu produzieren. <strong>Also ging Andr\u00e9s in das ferne Barcelona und absolvierte die Ausbildung zum \u00d6nologen. Dies gelang ihm \u00fcbrigens, ohne lesen und schreiben zu k\u00f6nnen!<\/strong> Alles, was er am Tage in den Kursen lernte, erz\u00e4hlte er am Abend seinem Cousin, der f\u00fcr ihn alles aufschrieb. Nach seiner R\u00fcckkehr gr\u00fcndete er das Weingut. Mittlerweile wirkt schon die dritte Generation im Weinbau mit, denn Ana, seine Enkelin, tritt in die Fu\u00dfstapfen ihres Gro\u00dfvaters und ihrer Mutter. Und so ergab es sich \u00fcber die Zeit, dass neben der in den Fels gehauenen altehrw\u00fcrdigen Bodega zur Weinlagerung 2014 auch das im <strong>Nachbardorf gelegene Weingut Monasterio de Veruela \u00fcbernommen wurde<\/strong>. Hierhin f\u00fchrten uns Susanna und Ana als n\u00e4chstes.<\/p>\n<p><strong>Bodegas Monasterio de Veruela ist ein Weingut, das auf die Herstellung von Cavas spezialisiert ist<\/strong>. Nachdem die Vorbesitzer das heruntergekommene Weingut aufgeben mussten, \u00fcbernahm Familie Ruberte die Anlagen und brachte mit sehr viel Arbeitseinsatz alles wieder auf Vordermann. Das Weingut ist eine Institution des Cavas in der Region und bringt f\u00fcr die Rubertes eine tolle Erweiterung ihrer Produktpalette.<\/p>\n<p>Der <a href=\"https:\/\/www.vinoalma.de\/spanischer-wein\/weinsorte\/sekt-cava\/\" target=\"_blank\" rel=\"noopener noreferrer\">Cava<\/a> ist der spanische Schaumwein, der wie der Champagner nach der M\u00e9thode traditionelle oder M\u00e9thode champenoise hergestellt wird. Wie auf den Bildern zu sehen ist, befinden sich unter dem Weingut auf mehreren Ebenen in den Fels gehauene Lagerr\u00e4ume. Hier vollzieht der Cava bei konstanten k\u00fchlen Bedingungen seine zweite Fermentation in der Flasche. Neben dem Einstiegs-Cava (<a href=\"https:\/\/www.vinoalma.de\/camino-al-moncayo-cava-sekt\" target=\"_blank\" rel=\"noopener noreferrer\">Camino al Moncayo<\/a>, 9 Monate Flascheng\u00e4rung), einem Ros\u00e9-Cava und dem Reserva-Cava Monasterio de Veruela (18 Monate Flascheng\u00e4rung) werden in Zukunft auch au\u00dfergew\u00f6hnliche Tropfen auf den Markt gebracht, die f\u00fcnf bzw. zehn Jahre in den Kellern des Weingutes reiften! Wir sind schon jetzt unheimlich gespannt auf das Ergebnis.<\/p>\n<p><img decoding=\"async\" loading=\"lazy\" class=\"alignnone size-medium wp-image-2225\" src=\"https:\/\/www.vinoalma.de\/blog\/wp-content\/uploads\/2019\/01\/Foto-B.-Ruberte-3-300x225.jpg\" alt=\"\" width=\"300\" height=\"225\" srcset=\"https:\/\/www.vinoalma.de\/blog\/wp-content\/uploads\/2019\/01\/Foto-B.-Ruberte-3-300x225.jpg 300w, https:\/\/www.vinoalma.de\/blog\/wp-content\/uploads\/2019\/01\/Foto-B.-Ruberte-3-566x424.jpg 566w, https:\/\/www.vinoalma.de\/blog\/wp-content\/uploads\/2019\/01\/Foto-B.-Ruberte-3-310x232.jpg 310w, https:\/\/www.vinoalma.de\/blog\/wp-content\/uploads\/2019\/01\/Foto-B.-Ruberte-3.jpg 647w\" sizes=\"(max-width: 300px) 100vw, 300px\" \/> <img decoding=\"async\" loading=\"lazy\" class=\"alignnone size-medium wp-image-2226\" src=\"https:\/\/www.vinoalma.de\/blog\/wp-content\/uploads\/2019\/01\/Foto-B.-Ruberte-4-300x225.jpg\" alt=\"\" width=\"300\" height=\"225\" srcset=\"https:\/\/www.vinoalma.de\/blog\/wp-content\/uploads\/2019\/01\/Foto-B.-Ruberte-4-300x225.jpg 300w, https:\/\/www.vinoalma.de\/blog\/wp-content\/uploads\/2019\/01\/Foto-B.-Ruberte-4-565x424.jpg 565w, https:\/\/www.vinoalma.de\/blog\/wp-content\/uploads\/2019\/01\/Foto-B.-Ruberte-4-310x232.jpg 310w, https:\/\/www.vinoalma.de\/blog\/wp-content\/uploads\/2019\/01\/Foto-B.-Ruberte-4.jpg 646w\" sizes=\"(max-width: 300px) 100vw, 300px\" \/><\/p>\n<p><strong>Am Ende der Rundfahrt sind wir im eigentlichen von Andr\u00e9s Ruberte gegr\u00fcndeten Weingut im Herzen Magall\u00f3ns angelangt<\/strong>. Im Gegensatz zu vielen anderen Weing\u00fctern in Spanien, die mit Edelstahlbeh\u00e4ltern arbeiten, wird hier der Wein fast ausschlie\u00dflich in gro\u00dfen Holzf\u00e4ssern vergoren. Einige der fertigen Weine aus der letzten Ernte durften wir auch gleich \u201efrisch gezapft\u201c probieren. <strong>Zu verkosten gab es feinste Garnacha-Rotweine mit umwerfenden Fruchtnoten und grandioser F\u00fclle sowie kr\u00e4ftige<\/strong>, vom Terroir der Region gepr\u00e4gte Syrah-Weine. Man erkannte die Unterschiede zwischen den einzelnen Beh\u00e4ltern und Susanna und Ana erkl\u00e4rten, dass die besseren Depots sp\u00e4ter in Barrique-F\u00e4sser umgef\u00fcllt werden. Dort lagern die Weine f\u00fcr mehrere Monate und bekommen zus\u00e4tzlich Noten durch die Reifung im kleinen Holzfass. Aus diesen werden dann Weine wie der Garnacha Selecci\u00f3n abgef\u00fcllt. <strong>Es war ein Hochgenuss und eine tolle Erfahrung! <\/strong>Aus diesen werden dann Weine wie der <a href=\"https:\/\/www.vinoalma.de\/garnacha-seleccion-premium-2014\" target=\"_blank\" rel=\"noopener noreferrer\">Garnacha Selecci\u00f3n Premium<\/a> und der <a href=\"https:\/\/www.vinoalma.de\/tresor-2015\" target=\"_blank\" rel=\"noopener noreferrer\">Tr\u00e9sor<\/a> abgef\u00fcllt. Es war ein Hochgenuss und eine tolle Erfahrung!<strong><br \/>\n<\/strong><\/p>\n<p><img decoding=\"async\" loading=\"lazy\" class=\"alignnone wp-image-2227\" src=\"https:\/\/www.vinoalma.de\/blog\/wp-content\/uploads\/2019\/01\/Foto-B.-Ruberte-5-300x225.jpg\" alt=\"\" width=\"399\" height=\"299\" srcset=\"https:\/\/www.vinoalma.de\/blog\/wp-content\/uploads\/2019\/01\/Foto-B.-Ruberte-5-300x225.jpg 300w, https:\/\/www.vinoalma.de\/blog\/wp-content\/uploads\/2019\/01\/Foto-B.-Ruberte-5-768x576.jpg 768w, https:\/\/www.vinoalma.de\/blog\/wp-content\/uploads\/2019\/01\/Foto-B.-Ruberte-5-565x424.jpg 565w, https:\/\/www.vinoalma.de\/blog\/wp-content\/uploads\/2019\/01\/Foto-B.-Ruberte-5-310x232.jpg 310w, https:\/\/www.vinoalma.de\/blog\/wp-content\/uploads\/2019\/01\/Foto-B.-Ruberte-5.jpg 804w\" sizes=\"(max-width: 399px) 100vw, 399px\" \/>\u00a0<img decoding=\"async\" loading=\"lazy\" class=\"alignnone size-medium wp-image-2230\" src=\"https:\/\/www.vinoalma.de\/blog\/wp-content\/uploads\/2019\/01\/Foto-B.-Ruberte-6-e1547834141823-225x300.jpg\" alt=\"\" width=\"225\" height=\"300\" srcset=\"https:\/\/www.vinoalma.de\/blog\/wp-content\/uploads\/2019\/01\/Foto-B.-Ruberte-6-e1547834141823-225x300.jpg 225w, https:\/\/www.vinoalma.de\/blog\/wp-content\/uploads\/2019\/01\/Foto-B.-Ruberte-6-e1547834141823-318x424.jpg 318w, https:\/\/www.vinoalma.de\/blog\/wp-content\/uploads\/2019\/01\/Foto-B.-Ruberte-6-e1547834141823.jpg 454w\" sizes=\"(max-width: 225px) 100vw, 225px\" \/><\/p>\n<p>Im Verkostungsraum des Weingutes haben wir sp\u00e4ter noch die neuen Jahrg\u00e4nge des <strong>Ruberte Selecci\u00f3n Ros\u00e9<\/strong> und des <a href=\"https:\/\/www.vinoalma.de\/blanco-seleccion-2016\" target=\"_blank\" rel=\"noopener noreferrer\">wei\u00dfen Ruberte Seleccion<\/a> eingeschenkt bekommen. <strong>Ersterer \u00fcberzeugt durch seine helle orange bis kupferrote Farbe<\/strong>. In der Nase zeigen sich elegante und feine fruchtige Noten. Am Gaumen hat dieser Rosado die perfekte Frische und entwickelt eine unheimliche F\u00fclle an Aromen, die auch im Abgang sehr langanhaltend sind. <strong>Der Wei\u00dfwein ist im Vergleich zum 2016er Jahrgang etwas weniger intensiv in den Aromen<\/strong>, hat aber erneut eine tolle Muskatnote in Kombination mit tollen Fruchtnoten von Mandarine und Pfirsich.\u00a0 Auch in der S\u00e4ure erscheint er etwas zur\u00fcckhaltender.<\/p>\n<p>Schlussendlich kann man die <strong>Weine der Familie Ruberte<\/strong> w\u00e4rmstens empfehlen. <strong>Es sind tolle Weine, die mit viel Handarbeit, Liebe und Enthusiasmus entstehen!<\/strong> Besondere Weine, die den Charakter der <a href=\"https:\/\/www.vinoalma.de\/spanischer-wein\/anbaugebiete\/campo-de-borja\/\" target=\"_blank\" rel=\"noopener noreferrer\">D.O. Campo de Borja<\/a> perfekt widerspiegeln und ein wahrer Genuss f\u00fcr den Gaumen sind!<\/p>\n<p>Wir bedanken uns bei Susanna und Ana f\u00fcr den herzlichen Empfang und die tolle Zusammenarbeit!<\/p>\n<p><img decoding=\"async\" loading=\"lazy\" class=\"alignnone wp-image-2229\" src=\"https:\/\/www.vinoalma.de\/blog\/wp-content\/uploads\/2019\/01\/Foto-B.-Ruberte-7-300x225.jpg\" alt=\"\" width=\"436\" height=\"328\" srcset=\"https:\/\/www.vinoalma.de\/blog\/wp-content\/uploads\/2019\/01\/Foto-B.-Ruberte-7-300x225.jpg 300w, https:\/\/www.vinoalma.de\/blog\/wp-content\/uploads\/2019\/01\/Foto-B.-Ruberte-7-768x576.jpg 768w, https:\/\/www.vinoalma.de\/blog\/wp-content\/uploads\/2019\/01\/Foto-B.-Ruberte-7-565x424.jpg 565w, https:\/\/www.vinoalma.de\/blog\/wp-content\/uploads\/2019\/01\/Foto-B.-Ruberte-7-310x232.jpg 310w, https:\/\/www.vinoalma.de\/blog\/wp-content\/uploads\/2019\/01\/Foto-B.-Ruberte-7.jpg 1600w\" sizes=\"(max-width: 436px) 100vw, 436px\" \/><\/p>\n","protected":false},"excerpt":{"rendered":"<p>Anfang Januar waren wir zu Besuch bei den Bodegas Ruberte. Das Weingut liegt im Herzen der Weinregion D.O. Campo de Borja und ist ein absoluter Spezialist f\u00fcr tolle Rotweine aus der Rebsorte Garnacha Negra. Nach dem \u201eMittagessen\u201c,das in Spanien \u00fcblicherweise nicht vor 14.30 Uhr beginnt und aus drei G\u00e4ngen besteht, empfingen uns Susanna und ihre &hellip; <a href=\"https:\/\/www.vinoalma.de\/blog\/2019\/01\/21\/bodegas-ruberte-3-generationen-mit-dem-besonderen-haendchen-fuer-die-rebsorte-garnacha\/\" class=\"more-link\">Continue reading <span class=\"screen-reader-text\">Bodegas Ruberte \u2013 3 Generationen mit dem besonderen H\u00e4ndchen f\u00fcr die Rebsorte Garnacha<\/span><\/a><\/p>\n","protected":false},"author":2,"featured_media":2229,"comment_status":"open","ping_status":"open","sticky":false,"template":"","format":"image","meta":{"_mi_skip_tracking":false},"categories":[1,84],"tags":[81,82,80],"yoast_head":"<!-- This site is optimized with the Yoast SEO plugin v20.6 - https:\/\/yoast.com\/wordpress\/plugins\/seo\/ -->\n<title>Besichtigung bei Bodegas Ruberte, D.O Campo de Borja<\/title>\n<meta name=\"description\" content=\"Anfang Januar waren wir zu Besuch bei den Bodegas Ruberte. Das Weingut liegt im Herzen der Weinregion D.O. Campo de Borja und ist ein absoluter Spezialist f\u00fcr tolle Rotweine aus der Rebsorte Garnacha Negra.\" \/>\n<meta name=\"robots\" content=\"index, follow, max-snippet:-1, max-image-preview:large, max-video-preview:-1\" \/>\n<link rel=\"canonical\" href=\"https:\/\/www.vinoalma.de\/blog\/2019\/01\/21\/bodegas-ruberte-3-generationen-mit-dem-besonderen-haendchen-fuer-die-rebsorte-garnacha\/\" \/>\n<meta property=\"og:locale\" content=\"de_DE\" \/>\n<meta property=\"og:type\" content=\"article\" \/>\n<meta property=\"og:title\" content=\"Besichtigung bei Bodegas Ruberte, D.O Campo de Borja\" \/>\n<meta property=\"og:description\" content=\"Anfang Januar waren wir zu Besuch bei den Bodegas Ruberte. Das Weingut liegt im Herzen der Weinregion D.O. Campo de Borja und ist ein absoluter Spezialist f\u00fcr tolle Rotweine aus der Rebsorte Garnacha Negra.\" \/>\n<meta property=\"og:url\" content=\"https:\/\/www.vinoalma.de\/blog\/2019\/01\/21\/bodegas-ruberte-3-generationen-mit-dem-besonderen-haendchen-fuer-die-rebsorte-garnacha\/\" \/>\n<meta property=\"og:site_name\" content=\"Vino&amp;Alma Weinmagazin\" \/>\n<meta property=\"article:published_time\" content=\"2019-01-21T16:51:20+00:00\" \/>\n<meta property=\"article:modified_time\" content=\"2020-02-04T12:04:54+00:00\" \/>\n<meta property=\"og:image\" content=\"https:\/\/www.vinoalma.de\/blog\/wp-content\/uploads\/2019\/01\/Foto-B.-Ruberte-7.jpg\" \/>\n\t<meta property=\"og:image:width\" content=\"1600\" \/>\n\t<meta property=\"og:image:height\" content=\"1200\" \/>\n\t<meta property=\"og:image:type\" content=\"image\/jpeg\" \/>\n<meta name=\"author\" content=\"Jordi gost\" \/>\n<meta name=\"twitter:card\" content=\"summary_large_image\" \/>\n<meta name=\"twitter:label1\" content=\"Verfasst von\" \/>\n\t<meta name=\"twitter:data1\" content=\"Jordi gost\" \/>\n\t<meta name=\"twitter:label2\" content=\"Gesch\u00e4tzte Lesezeit\" \/>\n\t<meta name=\"twitter:data2\" content=\"5 Minuten\" \/>\n<script type=\"application\/ld+json\" class=\"yoast-schema-graph\">{\"@context\":\"https:\/\/schema.org\",\"@graph\":[{\"@type\":\"WebPage\",\"@id\":\"https:\/\/www.vinoalma.de\/blog\/2019\/01\/21\/bodegas-ruberte-3-generationen-mit-dem-besonderen-haendchen-fuer-die-rebsorte-garnacha\/\",\"url\":\"https:\/\/www.vinoalma.de\/blog\/2019\/01\/21\/bodegas-ruberte-3-generationen-mit-dem-besonderen-haendchen-fuer-die-rebsorte-garnacha\/\",\"name\":\"Besichtigung bei Bodegas Ruberte, D.O Campo de Borja\",\"isPartOf\":{\"@id\":\"https:\/\/www.vinoalma.de\/blog\/#website\"},\"datePublished\":\"2019-01-21T16:51:20+00:00\",\"dateModified\":\"2020-02-04T12:04:54+00:00\",\"author\":{\"@id\":\"https:\/\/www.vinoalma.de\/blog\/#\/schema\/person\/d3a65a62069d49f78843840e6782aab0\"},\"description\":\"Anfang Januar waren wir zu Besuch bei den Bodegas Ruberte. Das Weingut liegt im Herzen der Weinregion D.O. Campo de Borja und ist ein absoluter Spezialist f\u00fcr tolle Rotweine aus der Rebsorte Garnacha Negra.\",\"breadcrumb\":{\"@id\":\"https:\/\/www.vinoalma.de\/blog\/2019\/01\/21\/bodegas-ruberte-3-generationen-mit-dem-besonderen-haendchen-fuer-die-rebsorte-garnacha\/#breadcrumb\"},\"inLanguage\":\"de-DE\",\"potentialAction\":[{\"@type\":\"ReadAction\",\"target\":[\"https:\/\/www.vinoalma.de\/blog\/2019\/01\/21\/bodegas-ruberte-3-generationen-mit-dem-besonderen-haendchen-fuer-die-rebsorte-garnacha\/\"]}]},{\"@type\":\"BreadcrumbList\",\"@id\":\"https:\/\/www.vinoalma.de\/blog\/2019\/01\/21\/bodegas-ruberte-3-generationen-mit-dem-besonderen-haendchen-fuer-die-rebsorte-garnacha\/#breadcrumb\",\"itemListElement\":[{\"@type\":\"ListItem\",\"position\":1,\"name\":\"Home\",\"item\":\"https:\/\/www.vinoalma.de\/blog\/\"},{\"@type\":\"ListItem\",\"position\":2,\"name\":\"Allgemein\",\"item\":\"https:\/\/www.vinoalma.de\/blog\/category\/allgemein\/\"},{\"@type\":\"ListItem\",\"position\":3,\"name\":\"Bodegas Ruberte \u2013 3 Generationen mit dem besonderen H\u00e4ndchen f\u00fcr die Rebsorte Garnacha\"}]},{\"@type\":\"WebSite\",\"@id\":\"https:\/\/www.vinoalma.de\/blog\/#website\",\"url\":\"https:\/\/www.vinoalma.de\/blog\/\",\"name\":\"Vino&amp;Alma Weinmagazin\",\"description\":\"Willkommen beim Weinmagazin von Vino&amp;Alma. Hier finden Sie Informationen \u00fcber spanischen Weine, Weing\u00fcter und Anbaugebiete sowie generell Wissenswertes zum Thema Wein &amp; Kulinarik. \",\"potentialAction\":[{\"@type\":\"SearchAction\",\"target\":{\"@type\":\"EntryPoint\",\"urlTemplate\":\"https:\/\/www.vinoalma.de\/blog\/?s={search_term_string}\"},\"query-input\":\"required name=search_term_string\"}],\"inLanguage\":\"de-DE\"},{\"@type\":\"Person\",\"@id\":\"https:\/\/www.vinoalma.de\/blog\/#\/schema\/person\/d3a65a62069d49f78843840e6782aab0\",\"name\":\"Jordi gost\",\"image\":{\"@type\":\"ImageObject\",\"inLanguage\":\"de-DE\",\"@id\":\"https:\/\/www.vinoalma.de\/blog\/#\/schema\/person\/image\/\",\"url\":\"https:\/\/secure.gravatar.com\/avatar\/a9825b466b682c97ab296e300c701095?s=96&d=mm&r=g\",\"contentUrl\":\"https:\/\/secure.gravatar.com\/avatar\/a9825b466b682c97ab296e300c701095?s=96&d=mm&r=g\",\"caption\":\"Jordi gost\"},\"url\":\"https:\/\/www.vinoalma.de\/blog\/author\/jordi\/\"}]}<\/script>\n<!-- \/ Yoast SEO plugin. -->","yoast_head_json":{"title":"Besichtigung bei Bodegas Ruberte, D.O Campo de Borja","description":"Anfang Januar waren wir zu Besuch bei den Bodegas Ruberte. Das Weingut liegt im Herzen der Weinregion D.O. Campo de Borja und ist ein absoluter Spezialist f\u00fcr tolle Rotweine aus der Rebsorte Garnacha Negra.","robots":{"index":"index","follow":"follow","max-snippet":"max-snippet:-1","max-image-preview":"max-image-preview:large","max-video-preview":"max-video-preview:-1"},"canonical":"https:\/\/www.vinoalma.de\/blog\/2019\/01\/21\/bodegas-ruberte-3-generationen-mit-dem-besonderen-haendchen-fuer-die-rebsorte-garnacha\/","og_locale":"de_DE","og_type":"article","og_title":"Besichtigung bei Bodegas Ruberte, D.O Campo de Borja","og_description":"Anfang Januar waren wir zu Besuch bei den Bodegas Ruberte. Das Weingut liegt im Herzen der Weinregion D.O. Campo de Borja und ist ein absoluter Spezialist f\u00fcr tolle Rotweine aus der Rebsorte Garnacha Negra.","og_url":"https:\/\/www.vinoalma.de\/blog\/2019\/01\/21\/bodegas-ruberte-3-generationen-mit-dem-besonderen-haendchen-fuer-die-rebsorte-garnacha\/","og_site_name":"Vino&amp;Alma Weinmagazin","article_published_time":"2019-01-21T16:51:20+00:00","article_modified_time":"2020-02-04T12:04:54+00:00","og_image":[{"width":1600,"height":1200,"url":"https:\/\/www.vinoalma.de\/blog\/wp-content\/uploads\/2019\/01\/Foto-B.-Ruberte-7.jpg","type":"image\/jpeg"}],"author":"Jordi gost","twitter_card":"summary_large_image","twitter_misc":{"Verfasst von":"Jordi gost","Gesch\u00e4tzte Lesezeit":"5 Minuten"},"schema":{"@context":"https:\/\/schema.org","@graph":[{"@type":"WebPage","@id":"https:\/\/www.vinoalma.de\/blog\/2019\/01\/21\/bodegas-ruberte-3-generationen-mit-dem-besonderen-haendchen-fuer-die-rebsorte-garnacha\/","url":"https:\/\/www.vinoalma.de\/blog\/2019\/01\/21\/bodegas-ruberte-3-generationen-mit-dem-besonderen-haendchen-fuer-die-rebsorte-garnacha\/","name":"Besichtigung bei Bodegas Ruberte, D.O Campo de Borja","isPartOf":{"@id":"https:\/\/www.vinoalma.de\/blog\/#website"},"datePublished":"2019-01-21T16:51:20+00:00","dateModified":"2020-02-04T12:04:54+00:00","author":{"@id":"https:\/\/www.vinoalma.de\/blog\/#\/schema\/person\/d3a65a62069d49f78843840e6782aab0"},"description":"Anfang Januar waren wir zu Besuch bei den Bodegas Ruberte. Das Weingut liegt im Herzen der Weinregion D.O. Campo de Borja und ist ein absoluter Spezialist f\u00fcr tolle Rotweine aus der Rebsorte Garnacha Negra.","breadcrumb":{"@id":"https:\/\/www.vinoalma.de\/blog\/2019\/01\/21\/bodegas-ruberte-3-generationen-mit-dem-besonderen-haendchen-fuer-die-rebsorte-garnacha\/#breadcrumb"},"inLanguage":"de-DE","potentialAction":[{"@type":"ReadAction","target":["https:\/\/www.vinoalma.de\/blog\/2019\/01\/21\/bodegas-ruberte-3-generationen-mit-dem-besonderen-haendchen-fuer-die-rebsorte-garnacha\/"]}]},{"@type":"BreadcrumbList","@id":"https:\/\/www.vinoalma.de\/blog\/2019\/01\/21\/bodegas-ruberte-3-generationen-mit-dem-besonderen-haendchen-fuer-die-rebsorte-garnacha\/#breadcrumb","itemListElement":[{"@type":"ListItem","position":1,"name":"Home","item":"https:\/\/www.vinoalma.de\/blog\/"},{"@type":"ListItem","position":2,"name":"Allgemein","item":"https:\/\/www.vinoalma.de\/blog\/category\/allgemein\/"},{"@type":"ListItem","position":3,"name":"Bodegas Ruberte \u2013 3 Generationen mit dem besonderen H\u00e4ndchen f\u00fcr die Rebsorte Garnacha"}]},{"@type":"WebSite","@id":"https:\/\/www.vinoalma.de\/blog\/#website","url":"https:\/\/www.vinoalma.de\/blog\/","name":"Vino&amp;Alma Weinmagazin","description":"Willkommen beim Weinmagazin von Vino&amp;Alma. Hier finden Sie Informationen \u00fcber spanischen Weine, Weing\u00fcter und Anbaugebiete sowie generell Wissenswertes zum Thema Wein &amp; Kulinarik. ","potentialAction":[{"@type":"SearchAction","target":{"@type":"EntryPoint","urlTemplate":"https:\/\/www.vinoalma.de\/blog\/?s={search_term_string}"},"query-input":"required name=search_term_string"}],"inLanguage":"de-DE"},{"@type":"Person","@id":"https:\/\/www.vinoalma.de\/blog\/#\/schema\/person\/d3a65a62069d49f78843840e6782aab0","name":"Jordi gost","image":{"@type":"ImageObject","inLanguage":"de-DE","@id":"https:\/\/www.vinoalma.de\/blog\/#\/schema\/person\/image\/","url":"https:\/\/secure.gravatar.com\/avatar\/a9825b466b682c97ab296e300c701095?s=96&d=mm&r=g","contentUrl":"https:\/\/secure.gravatar.com\/avatar\/a9825b466b682c97ab296e300c701095?s=96&d=mm&r=g","caption":"Jordi gost"},"url":"https:\/\/www.vinoalma.de\/blog\/author\/jordi\/"}]}},"_links":{"self":[{"href":"https:\/\/www.vinoalma.de\/blog\/wp-json\/wp\/v2\/posts\/2222"}],"collection":[{"href":"https:\/\/www.vinoalma.de\/blog\/wp-json\/wp\/v2\/posts"}],"about":[{"href":"https:\/\/www.vinoalma.de\/blog\/wp-json\/wp\/v2\/types\/post"}],"author":[{"embeddable":true,"href":"https:\/\/www.vinoalma.de\/blog\/wp-json\/wp\/v2\/users\/2"}],"replies":[{"embeddable":true,"href":"https:\/\/www.vinoalma.de\/blog\/wp-json\/wp\/v2\/comments?post=2222"}],"version-history":[{"count":10,"href":"https:\/\/www.vinoalma.de\/blog\/wp-json\/wp\/v2\/posts\/2222\/revisions"}],"predecessor-version":[{"id":2547,"href":"https:\/\/www.vinoalma.de\/blog\/wp-json\/wp\/v2\/posts\/2222\/revisions\/2547"}],"wp:featuredmedia":[{"embeddable":true,"href":"https:\/\/www.vinoalma.de\/blog\/wp-json\/wp\/v2\/media\/2229"}],"wp:attachment":[{"href":"https:\/\/www.vinoalma.de\/blog\/wp-json\/wp\/v2\/media?parent=2222"}],"wp:term":[{"taxonomy":"category","embeddable":true,"href":"https:\/\/www.vinoalma.de\/blog\/wp-json\/wp\/v2\/categories?post=2222"},{"taxonomy":"post_tag","embeddable":true,"href":"https:\/\/www.vinoalma.de\/blog\/wp-json\/wp\/v2\/tags?post=2222"}],"curies":[{"name":"wp","href":"https:\/\/api.w.org\/{rel}","templated":true}]}}